{"id":4271,"date":"2026-01-31T19:09:26","date_gmt":"2026-01-31T22:09:26","guid":{"rendered":"https:\/\/mundodocarnaval.com.br\/?p=4271"},"modified":"2026-01-31T19:09:26","modified_gmt":"2026-01-31T22:09:26","slug":"diana-tamanini-e-a-nova-rainha-de-bateria-da-novo-imperio","status":"publish","type":"post","link":"https:\/\/mundodocarnaval.com.br\/pt_br\/diana-tamanini-e-a-nova-rainha-de-bateria-da-novo-imperio\/","title":{"rendered":"Diana Tamanini \u00e9 a nova Rainha de Bateria da Novo Imp\u00e9rio"},"content":{"rendered":"<p>Diana Tamanini \u00e9 a nova Rainha de Bateria da Novo Imp\u00e9rio<\/p>\n<p>A Novo Imp\u00e9rio anunciou Diana Tamanini como sua nova rainha de bateria para o Carnaval. Empres\u00e1ria e ex-professora de dan\u00e7a, Diana assume o posto em um momento especial da escola, que se prepara para estrear na S\u00e9rie Bronze, em mais um desfile na Intendente Magalh\u00e3es.<\/p>\n<p>Com trajet\u00f3ria recente, por\u00e9m consistente no carnaval, Diana ingressou na folia em 2022, atuando como destaque e tamb\u00e9m como diretora de passistas. Atualmente, ela tamb\u00e9m ocupa o cargo de musa da Mocidade Unida da Gl\u00f3ria (MUG), refor\u00e7ando sua liga\u00e7\u00e3o com o universo das escolas de samba.<\/p>\n<p>A Novo Imp\u00e9rio ser\u00e1 a 8\u00aa escola a desfilar no dia 21 de fevereiro, na Intendente Magalh\u00e3es, competindo pelo Grupo Bronze. Para o pr\u00f3ximo carnaval, a escola levar\u00e1 para a avenida o enredo \u201cNo canto sagrado dos paj\u00e9s e curandeiros: A cura que brota da floresta\u201d, desenvolvido pelos carnavalescos Alex Santiago e Elvis Luiz, exaltando a ancestralidade, a espiritualidade e a for\u00e7a curativa da natureza.<\/p>\n","protected":false},"excerpt":{"rendered":"<p>Diana Tamanini \u00e9 a nova Rainha de Bateria da Novo Imp\u00e9rio A Novo Imp\u00e9rio anunciou Diana Tamanini como sua nova rainha de bateria para o Carnaval. Empres\u00e1ria e ex-professora de dan\u00e7a, Diana assume o posto em um momento especial da escola, que se prepara para estrear na S\u00e9rie Bronze, em mais um desfile na Intendente [&hellip;]<\/p>\n","protected":false},"author":1,"featured_media":4272,"comment_status":"closed","ping_status":"closed","sticky":false,"template":"","format":"standard","meta":{"footnotes":""},"categories":[14],"tags":[],"class_list":["post-4271","post","type-post","status-publish","format-standard","has-post-thumbnail","hentry","category-gadgets"],"_links":{"self":[{"href":"https:\/\/mundodocarnaval.com.br\/pt_br\/wp-json\/wp\/v2\/posts\/4271","targetHints":{"allow":["GET"]}}],"collection":[{"href":"https:\/\/mundodocarnaval.com.br\/pt_br\/wp-json\/wp\/v2\/posts"}],"about":[{"href":"https:\/\/mundodocarnaval.com.br\/pt_br\/wp-json\/wp\/v2\/types\/post"}],"author":[{"embeddable":true,"href":"https:\/\/mundodocarnaval.com.br\/pt_br\/wp-json\/wp\/v2\/users\/1"}],"replies":[{"embeddable":true,"href":"https:\/\/mundodocarnaval.com.br\/pt_br\/wp-json\/wp\/v2\/comments?post=4271"}],"version-history":[{"count":1,"href":"https:\/\/mundodocarnaval.com.br\/pt_br\/wp-json\/wp\/v2\/posts\/4271\/revisions"}],"predecessor-version":[{"id":4273,"href":"https:\/\/mundodocarnaval.com.br\/pt_br\/wp-json\/wp\/v2\/posts\/4271\/revisions\/4273"}],"wp:featuredmedia":[{"embeddable":true,"href":"https:\/\/mundodocarnaval.com.br\/pt_br\/wp-json\/wp\/v2\/media\/4272"}],"wp:attachment":[{"href":"https:\/\/mundodocarnaval.com.br\/pt_br\/wp-json\/wp\/v2\/media?parent=4271"}],"wp:term":[{"taxonomy":"category","embeddable":true,"href":"https:\/\/mundodocarnaval.com.br\/pt_br\/wp-json\/wp\/v2\/categories?post=4271"},{"taxonomy":"post_tag","embeddable":true,"href":"https:\/\/mundodocarnaval.com.br\/pt_br\/wp-json\/wp\/v2\/tags?post=4271"}],"curies":[{"name":"wp","href":"https:\/\/api.w.org\/{rel}","templated":true}]}}