{"id":4274,"date":"2026-01-31T19:42:13","date_gmt":"2026-01-31T22:42:13","guid":{"rendered":"https:\/\/mundodocarnaval.com.br\/?p=4274"},"modified":"2026-01-31T19:42:13","modified_gmt":"2026-01-31T22:42:13","slug":"bloco-cordao-da-bola-branca-agita-o-pre-carnaval-em-niteroi","status":"publish","type":"post","link":"https:\/\/mundodocarnaval.com.br\/pt_br\/bloco-cordao-da-bola-branca-agita-o-pre-carnaval-em-niteroi\/","title":{"rendered":"Bloco Cord\u00e3o da Bola Branca agita o pr\u00e9-Carnaval em Niter\u00f3i"},"content":{"rendered":"<p>Bloco Cord\u00e3o da Bola Branca agita o pr\u00e9-Carnaval em Niter\u00f3i <\/p>\n<p>Agremia\u00e7\u00e3o voltada \u00e0 fam\u00edlia e \u00e0 melhor idade se consolida como espa\u00e7o de inclus\u00e3o<\/p>\n<p>30\/01\/2026 \u2013 Com muita anima\u00e7\u00e3o e m\u00fasica, o tradicional bloco Cord\u00e3o da Bola Branca animou o pr\u00e9-Carnaval de Niter\u00f3i, nesta quinta-feira (29), no Praia Clube S\u00e3o Francisco. O bloco reafirmou seu papel como um espa\u00e7o de conviv\u00eancia, inclus\u00e3o e valoriza\u00e7\u00e3o da fam\u00edlia e da melhor idade. O evento reuniu foli\u00f5es de todas as idades em um clima de alegria, celebra\u00e7\u00e3o e valoriza\u00e7\u00e3o da cultura popular.<\/p>\n<p>Presente no bloco, o secret\u00e1rio municipal de Governo, Paulo Bagueira, destacou a import\u00e2ncia do Cord\u00e3o da Bola Branca. <\/p>\n<p>\u201cO bloco Cord\u00e3o da Bola Branca foi criado com o objetivo de valorizar a fam\u00edlia e a melhor idade, promovendo um Carnaval inclusivo e acolhedor em Niter\u00f3i. A iniciativa surgiu junto \u00e0 cria\u00e7\u00e3o da Secretaria Municipal do Idoso, fortalecendo pol\u00edticas p\u00fablicas voltadas \u00e0 conviv\u00eancia, ao lazer e \u00e0 qualidade de vida desse p\u00fablico. Ao longo dos anos, o bloco se consolidou como um bloco da fam\u00edlia, resgatando a tradi\u00e7\u00e3o dos bailes de sal\u00e3o e promovendo encontros no clube e desfiles no s\u00e1bado de Carnaval, na Praia de Icara\u00ed. A cada edi\u00e7\u00e3o, o Bola Branca cresce em participa\u00e7\u00e3o e anima\u00e7\u00e3o, reafirmando seu papel como um grande encontro de gera\u00e7\u00f5es no Carnaval da cidade\u201d, afirmou Paulo Bagueira.<\/p>\n<p>Com uma proposta que resgata a tradi\u00e7\u00e3o dos bailes de sal\u00e3o, o evento promoveu um grande encontro no clube, reunindo diferentes gera\u00e7\u00f5es e preservando a ess\u00eancia do Carnaval tradicional. A iniciativa cresce a cada edi\u00e7\u00e3o e se consolida como um bloco familiar, cada vez mais querido pelos foli\u00f5es.<\/p>\n<p>Roseanne Giffoni, participante do Cord\u00e3o da Bola Branca, destacou a import\u00e2ncia do bloco.<\/p>\n<p>\u201cAcredito que iniciativas como essa s\u00e3o fundamentais para a terceira idade. Muitas pessoas acabam ficando isoladas em casa, sem conviv\u00eancia social, e esses encontros representam uma oportunidade de sair, se divertir, encontrar amigos e fortalecer la\u00e7os. \u00c9 um momento de uni\u00e3o\u201d, disse Roseanne.<\/p>\n<p>O diretor do Cord\u00e3o da Bola Branca, S\u00e9rgio Werneck destacou o compromisso com a valoriza\u00e7\u00e3o da melhor idade, da conviv\u00eancia familiar e das a\u00e7\u00f5es solid\u00e1rias no Carnaval de Niter\u00f3i.<\/p>\n<p>\u201cO Cord\u00e3o da Bola Branca foi criado em 2017, em parceria com a Secretaria Municipal do Idoso, com o objetivo de valorizar a melhor idade no Carnaval de Niter\u00f3i. Desde ent\u00e3o, o bloco cresceu, tornou-se um bloco da fam\u00edlia e mant\u00e9m a\u00e7\u00f5es solid\u00e1rias, promovendo inclus\u00e3o, alegria e qualidade de vida para pessoas com mais de 60 anos\u201d, concluiu S\u00e9rgio Werneck.<\/p>\n<p>Fotos: Claudio Fernandes <\/p>\n","protected":false},"excerpt":{"rendered":"<p>Bloco Cord\u00e3o da Bola Branca agita o pr\u00e9-Carnaval em Niter\u00f3i Agremia\u00e7\u00e3o voltada \u00e0 fam\u00edlia e \u00e0 melhor idade se consolida como espa\u00e7o de inclus\u00e3o 30\/01\/2026 \u2013 Com muita anima\u00e7\u00e3o e m\u00fasica, o tradicional bloco Cord\u00e3o da Bola Branca animou o pr\u00e9-Carnaval de Niter\u00f3i, nesta quinta-feira (29), no Praia Clube S\u00e3o Francisco. O bloco reafirmou seu [&hellip;]<\/p>\n","protected":false},"author":1,"featured_media":4275,"comment_status":"closed","ping_status":"closed","sticky":false,"template":"","format":"standard","meta":{"footnotes":""},"categories":[17],"tags":[],"class_list":["post-4274","post","type-post","status-publish","format-standard","has-post-thumbnail","hentry","category-carnaval-de-niteroi"],"_links":{"self":[{"href":"https:\/\/mundodocarnaval.com.br\/pt_br\/wp-json\/wp\/v2\/posts\/4274","targetHints":{"allow":["GET"]}}],"collection":[{"href":"https:\/\/mundodocarnaval.com.br\/pt_br\/wp-json\/wp\/v2\/posts"}],"about":[{"href":"https:\/\/mundodocarnaval.com.br\/pt_br\/wp-json\/wp\/v2\/types\/post"}],"author":[{"embeddable":true,"href":"https:\/\/mundodocarnaval.com.br\/pt_br\/wp-json\/wp\/v2\/users\/1"}],"replies":[{"embeddable":true,"href":"https:\/\/mundodocarnaval.com.br\/pt_br\/wp-json\/wp\/v2\/comments?post=4274"}],"version-history":[{"count":1,"href":"https:\/\/mundodocarnaval.com.br\/pt_br\/wp-json\/wp\/v2\/posts\/4274\/revisions"}],"predecessor-version":[{"id":4276,"href":"https:\/\/mundodocarnaval.com.br\/pt_br\/wp-json\/wp\/v2\/posts\/4274\/revisions\/4276"}],"wp:featuredmedia":[{"embeddable":true,"href":"https:\/\/mundodocarnaval.com.br\/pt_br\/wp-json\/wp\/v2\/media\/4275"}],"wp:attachment":[{"href":"https:\/\/mundodocarnaval.com.br\/pt_br\/wp-json\/wp\/v2\/media?parent=4274"}],"wp:term":[{"taxonomy":"category","embeddable":true,"href":"https:\/\/mundodocarnaval.com.br\/pt_br\/wp-json\/wp\/v2\/categories?post=4274"},{"taxonomy":"post_tag","embeddable":true,"href":"https:\/\/mundodocarnaval.com.br\/pt_br\/wp-json\/wp\/v2\/tags?post=4274"}],"curies":[{"name":"wp","href":"https:\/\/api.w.org\/{rel}","templated":true}]}}