{"id":4280,"date":"2026-01-31T20:10:55","date_gmt":"2026-01-31T23:10:55","guid":{"rendered":"https:\/\/mundodocarnaval.com.br\/?p=4280"},"modified":"2026-01-31T20:10:55","modified_gmt":"2026-01-31T23:10:55","slug":"tatiana-breia-desfilara-ao-lado-do-filho-gabriel","status":"publish","type":"post","link":"https:\/\/mundodocarnaval.com.br\/pt_br\/tatiana-breia-desfilara-ao-lado-do-filho-gabriel\/","title":{"rendered":"Tatiana Breia desfilar\u00e1 ao lado do filho Gabriel"},"content":{"rendered":"<p>Tatiana Breia desfilar\u00e1 ao lado do filho Gabriel no Arranco em momento de forte emo\u00e7\u00e3o na Sapuca\u00ed<\/p>\n<p>A Marqu\u00eas de Sapuca\u00ed ser\u00e1 palco de um encontro marcado por afeto, simbolismo e emo\u00e7\u00e3o no pr\u00f3ximo desfile do Arranco. Tatiana Breia, conhecida como a Musa da Educa\u00e7\u00e3o, desfilar\u00e1 pela agremia\u00e7\u00e3o em uma miss\u00e3o especial: dividir a avenida com o filho, Gabriel Breia, carinhosamente chamado de Biel.<\/p>\n<p>Al\u00e9m de acompanhar o filho no desfile, Tatiana ter\u00e1 um papel de grande significado dentro do enredo da escola. A musa dar\u00e1 vida a Dona Br\u00edgida, personagem que representa a m\u00e3e de Maria Eliza, Ephig\u00eania e Toninho, este \u00faltimo interpretado por Gabriel no desfile do Arranco. A participa\u00e7\u00e3o refor\u00e7a a narrativa afetiva proposta pela escola e valoriza os la\u00e7os familiares apresentados na constru\u00e7\u00e3o do enredo.<\/p>\n<p>Emocionada com o convite, Tatiana destacou a import\u00e2ncia do momento vivido na Sapuca\u00ed. \u201cVai ter musa da educa\u00e7\u00e3o em dose dupla na Marqu\u00eas de Sapuca\u00ed. Al\u00e9m de acompanhar o Biel no desfile, tamb\u00e9m vou representar a m\u00e3e dele dentro do enredo. Vou ocupar um posto cheio de afeto e significado, dando vida \u00e0 Dona Br\u00edgida. Estou profundamente emocionada com esse presente que o Arranco me deu: ser m\u00e3e do Biel na Sapuca\u00ed\u201d, afirmou.<\/p>\n<p>Fotos: Divulga\u00e7\u00e3o \/ Gardel Assessoria <\/p>\n","protected":false},"excerpt":{"rendered":"<p>Tatiana Breia desfilar\u00e1 ao lado do filho Gabriel no Arranco em momento de forte emo\u00e7\u00e3o na Sapuca\u00ed A Marqu\u00eas de Sapuca\u00ed ser\u00e1 palco de um encontro marcado por afeto, simbolismo e emo\u00e7\u00e3o no pr\u00f3ximo desfile do Arranco. Tatiana Breia, conhecida como a Musa da Educa\u00e7\u00e3o, desfilar\u00e1 pela agremia\u00e7\u00e3o em uma miss\u00e3o especial: dividir a avenida [&hellip;]<\/p>\n","protected":false},"author":1,"featured_media":4281,"comment_status":"closed","ping_status":"closed","sticky":false,"template":"","format":"standard","meta":{"footnotes":""},"categories":[11],"tags":[],"class_list":["post-4280","post","type-post","status-publish","format-standard","has-post-thumbnail","hentry","category-noticias"],"_links":{"self":[{"href":"https:\/\/mundodocarnaval.com.br\/pt_br\/wp-json\/wp\/v2\/posts\/4280","targetHints":{"allow":["GET"]}}],"collection":[{"href":"https:\/\/mundodocarnaval.com.br\/pt_br\/wp-json\/wp\/v2\/posts"}],"about":[{"href":"https:\/\/mundodocarnaval.com.br\/pt_br\/wp-json\/wp\/v2\/types\/post"}],"author":[{"embeddable":true,"href":"https:\/\/mundodocarnaval.com.br\/pt_br\/wp-json\/wp\/v2\/users\/1"}],"replies":[{"embeddable":true,"href":"https:\/\/mundodocarnaval.com.br\/pt_br\/wp-json\/wp\/v2\/comments?post=4280"}],"version-history":[{"count":1,"href":"https:\/\/mundodocarnaval.com.br\/pt_br\/wp-json\/wp\/v2\/posts\/4280\/revisions"}],"predecessor-version":[{"id":4282,"href":"https:\/\/mundodocarnaval.com.br\/pt_br\/wp-json\/wp\/v2\/posts\/4280\/revisions\/4282"}],"wp:featuredmedia":[{"embeddable":true,"href":"https:\/\/mundodocarnaval.com.br\/pt_br\/wp-json\/wp\/v2\/media\/4281"}],"wp:attachment":[{"href":"https:\/\/mundodocarnaval.com.br\/pt_br\/wp-json\/wp\/v2\/media?parent=4280"}],"wp:term":[{"taxonomy":"category","embeddable":true,"href":"https:\/\/mundodocarnaval.com.br\/pt_br\/wp-json\/wp\/v2\/categories?post=4280"},{"taxonomy":"post_tag","embeddable":true,"href":"https:\/\/mundodocarnaval.com.br\/pt_br\/wp-json\/wp\/v2\/tags?post=4280"}],"curies":[{"name":"wp","href":"https:\/\/api.w.org\/{rel}","templated":true}]}}