{"id":4283,"date":"2026-02-01T12:23:32","date_gmt":"2026-02-01T15:23:32","guid":{"rendered":"https:\/\/mundodocarnaval.com.br\/?p=4283"},"modified":"2026-02-01T12:23:33","modified_gmt":"2026-02-01T15:23:33","slug":"concurso-da-realeza-marca-reta-final-do-pre-carnaval-2026","status":"publish","type":"post","link":"https:\/\/mundodocarnaval.com.br\/pt_br\/concurso-da-realeza-marca-reta-final-do-pre-carnaval-2026\/","title":{"rendered":"Concurso da Realeza marca reta final do Pr\u00e9-Carnaval 2026"},"content":{"rendered":"<p>Concurso da Realeza marca reta final do Pr\u00e9-Carnaval 2026 do Bloco Loucos pela Vida em Niter\u00f3i<\/p>\n<p>1\/02\/2026 &#8211; O concurso da Escolha da Realeza do Bloco Loucos pela Vida, realizado sexta-feira (30) no Centro de Conviv\u00eancia e Cultura de Niter\u00f3i, marcou um dos momentos mais simb\u00f3licos do Pr\u00e9-Carnaval 2026 e deu in\u00edcio oficial \u00e0 contagem regressiva para o desfile do bloco, que acontecer\u00e1 na ter\u00e7a-feira, 10 de fevereiro. O evento reafirmou o Carnaval como espa\u00e7o de protagonismo, inclus\u00e3o e cuidado, reunindo usu\u00e1rios da Rede de Aten\u00e7\u00e3o Psicossocial (RAPS), familiares, profissionais de sa\u00fade e moradores do territ\u00f3rio.<\/p>\n<p>A programa\u00e7\u00e3o contou ainda com a participa\u00e7\u00e3o especial da bateria da GRES Magn\u00f3lia, que levou ritmo e emo\u00e7\u00e3o ao encontro, fortalecendo a conex\u00e3o entre o samba, a cultura popular e a luta antimanicomial.<\/p>\n<p>Para a secret\u00e1ria municipal de Sa\u00fade, Ilza Fellows, a iniciativa refor\u00e7a que o cuidado em sa\u00fade mental vai al\u00e9m dos servi\u00e7os e tamb\u00e9m se constr\u00f3i nos espa\u00e7os de cultura e conviv\u00eancia.<\/p>\n<p>\u201cO Bloco Loucos pela Vida representa, na pr\u00e1tica, o que defendemos para a sa\u00fade mental no nosso munic\u00edpio: cuidado em liberdade, no territ\u00f3rio e com protagonismo das pessoas. Quando cultura e sa\u00fade caminham juntas, ampliamos o acesso, fortalecemos v\u00ednculos e combatemos o estigma. Iniciativas como essa mostram que a Rede de Aten\u00e7\u00e3o Psicossocial promove pertencimento, cidadania e valoriza\u00e7\u00e3o da vida, princ\u00edpios que orientam o trabalho da Secretaria Municipal de Sa\u00fade\u201d, destacou.<\/p>\n<p>J\u00e1 para a diretora-geral da FeSa\u00fade, Maria C\u00e9lia Vasconcellos, a iniciativa refor\u00e7a o compromisso da gest\u00e3o com a\u00e7\u00f5es que ampliam o acesso \u00e0 cultura e valorizam o cuidado com a sa\u00fade mental em diferentes espa\u00e7os do territ\u00f3rio.<\/p>\n<p>\u201cA cultura \u00e9 uma ferramenta potente de cuidado, capaz de fortalecer v\u00ednculos, ampliar repert\u00f3rios e estar presente em diferentes espa\u00e7os do territ\u00f3rio, de forma acess\u00edvel e integrada \u00e0 vida das pessoas\u201d, afirmou.<\/p>\n<p>Durante a cerim\u00f4nia, foram eleitos os representantes que conduzir\u00e3o o bloco ao longo do Carnaval. Francisco Irilando foi escolhido como Rei do Bloco, Ana Paula Ramos como Rainha de Bateria e Marcela Rodrigues como Porta-Estandarte, simbolizando a pluralidade, a pot\u00eancia criativa e a diversidade que marcam a trajet\u00f3ria do Loucos pela Vida.<\/p>\n<p>\u201cSer rainha de bateria, para mim, \u00e9 muito importante. \u00c9 uma alegria imensa. O Bloco Loucos pela Vida \u00e9 a prova de que somos loucos, sim! Loucos por viver\u201d, afirmou Ana Paula Ramos.<\/p>\n<p>O bloco carnavalesco \u00e9 ligado ao Centro de Conviv\u00eancia e Cultura (CeCo) Dona Ivone Lara, gerido pela FeSa\u00fade, e integra os equipamentos da Rede de Aten\u00e7\u00e3o Psicossocial (RAPS) do munic\u00edpio, fortalecendo a articula\u00e7\u00e3o entre cultura, sa\u00fade e pol\u00edticas p\u00fablicas de cuidado em liberdade.<\/p>\n<p>O Bloco Loucos pela Vida atua muito al\u00e9m do per\u00edodo carnavalesco. Ao longo do ano, o grupo promove oficinas, ensaios e apresenta\u00e7\u00f5es que fortalecem v\u00ednculos comunit\u00e1rios e evidenciam o cuidado promovido pela RAPS, tendo a arte como uma poderosa ferramenta de transforma\u00e7\u00e3o, inclus\u00e3o e acolhimento.<\/p>\n<p>Faltando dez dias para o desfile, o Pr\u00e9-Carnaval 2026 j\u00e1 deixa marcas de afeto, mobiliza\u00e7\u00e3o social e constru\u00e7\u00e3o coletiva. Durante o per\u00edodo de prepara\u00e7\u00e3o, o bloco realizou aproximadamente 36 ensaios, garantindo a participa\u00e7\u00e3o ativa de usu\u00e1rios, profissionais da RAPS, familiares e apoiadores do projeto.<\/p>\n<p>\u201cIniciativas como o bloco envolvem atividades de musicaliza\u00e7\u00e3o, constru\u00e7\u00e3o de coletivos, cria\u00e7\u00e3o de adere\u00e7os, elabora\u00e7\u00e3o de textos, apresenta\u00e7\u00f5es musicais e teatrais e circula\u00e7\u00e3o pela cidade. Todas essas experi\u00eancias podem integrar o Projeto Terap\u00eautico Singular dos usu\u00e1rios e contribuir diretamente para seus processos de reabilita\u00e7\u00e3o. Participar do Carnaval tamb\u00e9m \u00e9 uma forma de promover pertencimento, fortalecer v\u00ednculos com a cidade e ampliar as estrat\u00e9gias de cuidado. A sa\u00fade mental \u00e9 multifatorial, e por isso as a\u00e7\u00f5es precisam acompanhar essa l\u00f3gica\u201d, afirmou Camila Donnola, gerente da RAPS.<\/p>\n<p>A constru\u00e7\u00e3o do Carnaval 2026 foi marcada por um processo democr\u00e1tico e participativo, com a realiza\u00e7\u00e3o de dois eventos para escolha do enredo e do samba-enredo. Nesta edi\u00e7\u00e3o, sete sambas concorrentes foram inscritos e apresentados, fruto de um trabalho coletivo desenvolvido em oficinas e encontros realizados ao longo dos \u00faltimos meses.<\/p>\n<p>O samba vencedor, \u201cSou esperan\u00e7a, sou liberdade\u201d, \u00e9 de autoria de Jaguacyara, usu\u00e1ria da RAPS, e ser\u00e1 apresentado no desfile com o enredo \u201cO CAPS n\u00e3o \u00e9 meme: por que minha invisibilidade te incomoda?\u201d. A tem\u00e1tica prop\u00f5e uma reflex\u00e3o direta e necess\u00e1ria sobre o estigma e a invisibilidade das pessoas em sofrimento ps\u00edquico, al\u00e9m de refor\u00e7ar a import\u00e2ncia dos Centros de Aten\u00e7\u00e3o Psicossocial (CAPS) como pol\u00edtica p\u00fablica essencial e espa\u00e7os de cuidado em liberdade no \u00e2mbito do Sistema \u00danico de Sa\u00fade.<\/p>\n<p>A prepara\u00e7\u00e3o art\u00edstica contou ainda com 30 oficinas de batuque e seis oficinas de adere\u00e7os, respons\u00e1veis por dar ritmo, identidade visual e for\u00e7a simb\u00f3lica ao desfile.<\/p>\n<p>O Bloco Loucos pela Vida entra agora na reta final de prepara\u00e7\u00e3o para mais um desfile que promete emo\u00e7\u00e3o, alegria e reflex\u00e3o, reafirmando que cuidado, cultura e liberdade caminham juntos.<\/p>\n<p>Servi\u00e7o \u2013 Carnaval 2026 | Desfile do Bloco Loucos pela Vida<br \/>\n\ud83d\udccd Data: ter\u00e7a-feira, 10 de fevereiro de 2026<br \/>\n\u23f0 Concentra\u00e7\u00e3o: 14h30<br \/>\n\ud83d\udccc Local: Pra\u00e7a Ararib\u00f3ia<\/p>\n<p>Fotos: Lucas Benevides<\/p>\n","protected":false},"excerpt":{"rendered":"<p>Concurso da Realeza marca reta final do Pr\u00e9-Carnaval 2026 do Bloco Loucos pela Vida em Niter\u00f3i 1\/02\/2026 &#8211; O concurso da Escolha da Realeza do Bloco Loucos pela Vida, realizado sexta-feira (30) no Centro de Conviv\u00eancia e Cultura de Niter\u00f3i, marcou um dos momentos mais simb\u00f3licos do Pr\u00e9-Carnaval 2026 e deu in\u00edcio oficial \u00e0 contagem [&hellip;]<\/p>\n","protected":false},"author":1,"featured_media":4284,"comment_status":"closed","ping_status":"closed","sticky":false,"template":"","format":"standard","meta":{"footnotes":""},"categories":[17],"tags":[],"class_list":["post-4283","post","type-post","status-publish","format-standard","has-post-thumbnail","hentry","category-carnaval-de-niteroi"],"_links":{"self":[{"href":"https:\/\/mundodocarnaval.com.br\/pt_br\/wp-json\/wp\/v2\/posts\/4283","targetHints":{"allow":["GET"]}}],"collection":[{"href":"https:\/\/mundodocarnaval.com.br\/pt_br\/wp-json\/wp\/v2\/posts"}],"about":[{"href":"https:\/\/mundodocarnaval.com.br\/pt_br\/wp-json\/wp\/v2\/types\/post"}],"author":[{"embeddable":true,"href":"https:\/\/mundodocarnaval.com.br\/pt_br\/wp-json\/wp\/v2\/users\/1"}],"replies":[{"embeddable":true,"href":"https:\/\/mundodocarnaval.com.br\/pt_br\/wp-json\/wp\/v2\/comments?post=4283"}],"version-history":[{"count":1,"href":"https:\/\/mundodocarnaval.com.br\/pt_br\/wp-json\/wp\/v2\/posts\/4283\/revisions"}],"predecessor-version":[{"id":4285,"href":"https:\/\/mundodocarnaval.com.br\/pt_br\/wp-json\/wp\/v2\/posts\/4283\/revisions\/4285"}],"wp:featuredmedia":[{"embeddable":true,"href":"https:\/\/mundodocarnaval.com.br\/pt_br\/wp-json\/wp\/v2\/media\/4284"}],"wp:attachment":[{"href":"https:\/\/mundodocarnaval.com.br\/pt_br\/wp-json\/wp\/v2\/media?parent=4283"}],"wp:term":[{"taxonomy":"category","embeddable":true,"href":"https:\/\/mundodocarnaval.com.br\/pt_br\/wp-json\/wp\/v2\/categories?post=4283"},{"taxonomy":"post_tag","embeddable":true,"href":"https:\/\/mundodocarnaval.com.br\/pt_br\/wp-json\/wp\/v2\/tags?post=4283"}],"curies":[{"name":"wp","href":"https:\/\/api.w.org\/{rel}","templated":true}]}}