{"id":4543,"date":"2026-04-29T21:43:57","date_gmt":"2026-04-30T00:43:57","guid":{"rendered":"https:\/\/mundodocarnaval.com.br\/?p=4543"},"modified":"2026-04-29T21:43:57","modified_gmt":"2026-04-30T00:43:57","slug":"uniao-de-marica-anuncia-vanessa-alves-como-nova-musa","status":"publish","type":"post","link":"https:\/\/mundodocarnaval.com.br\/pt_br\/uniao-de-marica-anuncia-vanessa-alves-como-nova-musa\/","title":{"rendered":"Uni\u00e3o de Maric\u00e1 anuncia Vanessa Alves como nova musa"},"content":{"rendered":"<p>Uni\u00e3o de Maric\u00e1 anuncia Vanessa Alves como nova musa para o Carnaval 2027<br \/>\nSambista chega \u00e0 escola e se junta ao estrelado time de beldades rumo ao Grupo Especial<\/p>\n<p>A Uni\u00e3o de Maric\u00e1 segue refor\u00e7ando seu time rumo \u00e0 estreia no Grupo Especial. Nesta sexta-feira (24), a escola anunciou a chegada de Vanessa Alves como nova musa da escola. Com uma trajet\u00f3ria constru\u00edda no samba paulistano e experi\u00eancias internacionais, a artista chega para somar brilho \u00e0 agremia\u00e7\u00e3o maricaense.<\/p>\n<p>Vanessa iniciou sua caminhada art\u00edstica na Companhia de Show Brasileiro, onde deu os primeiros passos na dan\u00e7a e no samba, construindo uma base s\u00f3lida que a levaria a palcos dentro e fora do pa\u00eds. Com o espet\u00e1culo \u201cBrasil Ipanema Show\u201d, percorreu diversos pa\u00edses da Europa, difundindo a cultura brasileira e ampliando sua viv\u00eancia art\u00edstica.<\/p>\n<p>De volta \u00e0 sua cidade natal, Indaiatuba (SP), fortaleceu sua liga\u00e7\u00e3o com o Carnaval e iniciou uma sequ\u00eancia de conquistas. Entre 2011 e 2015, reinou como rainha de bateria do Acad\u00eamicos do Sereno. Na sequ\u00eancia, ocupou o mesmo posto na Camisa 12, entre 2016 e 2017, per\u00edodo em que tamb\u00e9m foi eleita Rainha do Samba de S\u00e3o Paulo pela UESP e, no ano seguinte, recebeu o in\u00e9dito t\u00edtulo de Rainha Suprema do Samba paulistano.<\/p>\n<p>O ano de 2017 marcou ainda sua proje\u00e7\u00e3o nacional, ao ser eleita Musa do Carnaval de S\u00e3o Paulo no programa Caldeir\u00e3o do Huck, representando a \u00c1guia de Ouro, escola com a qual construiu uma rela\u00e7\u00e3o duradoura. Na agremia\u00e7\u00e3o da Pomp\u00e9ia, foi musa em diferentes per\u00edodos, entre 2017 e 2022. Seu auge veio entre 2023 e 2024, quando assumiu o posto de rainha de bateria da escola.<\/p>\n<p>A apresenta\u00e7\u00e3o oficial de Vanessa e todo o elenco da Uni\u00e3o de Maric\u00e1 ser\u00e1 neste s\u00e1bado (25), a partir das 14h, na Feijoada do Padroeiro, na quadra da escola, no Centro de Maric\u00e1. O evento contar\u00e1 com shows de Jorge Arag\u00e3o, Bernini e da escola. O segundo lote de ingressos est\u00e1 \u00e0 venda pelo valor de R$ 30.<\/p>\n<p>Fotos: Fausto Eduardo\/Uni\u00e3o de Maric\u00e1<\/p>\n","protected":false},"excerpt":{"rendered":"<p>Uni\u00e3o de Maric\u00e1 anuncia Vanessa Alves como nova musa para o Carnaval 2027 Sambista chega \u00e0 escola e se junta ao estrelado time de beldades rumo ao Grupo Especial A Uni\u00e3o de Maric\u00e1 segue refor\u00e7ando seu time rumo \u00e0 estreia no Grupo Especial. Nesta sexta-feira (24), a escola anunciou a chegada de Vanessa Alves como [&hellip;]<\/p>\n","protected":false},"author":1,"featured_media":4544,"comment_status":"closed","ping_status":"closed","sticky":false,"template":"","format":"standard","meta":{"footnotes":""},"categories":[12],"tags":[151,153,154,159,152],"class_list":["post-4543","post","type-post","status-publish","format-standard","has-post-thumbnail","hentry","category-grupo-especial","tag-carnaval","tag-mundo-do-carnaval","tag-rio-de-janeiro","tag-samba","tag-sapucai"],"_links":{"self":[{"href":"https:\/\/mundodocarnaval.com.br\/pt_br\/wp-json\/wp\/v2\/posts\/4543","targetHints":{"allow":["GET"]}}],"collection":[{"href":"https:\/\/mundodocarnaval.com.br\/pt_br\/wp-json\/wp\/v2\/posts"}],"about":[{"href":"https:\/\/mundodocarnaval.com.br\/pt_br\/wp-json\/wp\/v2\/types\/post"}],"author":[{"embeddable":true,"href":"https:\/\/mundodocarnaval.com.br\/pt_br\/wp-json\/wp\/v2\/users\/1"}],"replies":[{"embeddable":true,"href":"https:\/\/mundodocarnaval.com.br\/pt_br\/wp-json\/wp\/v2\/comments?post=4543"}],"version-history":[{"count":1,"href":"https:\/\/mundodocarnaval.com.br\/pt_br\/wp-json\/wp\/v2\/posts\/4543\/revisions"}],"predecessor-version":[{"id":4545,"href":"https:\/\/mundodocarnaval.com.br\/pt_br\/wp-json\/wp\/v2\/posts\/4543\/revisions\/4545"}],"wp:featuredmedia":[{"embeddable":true,"href":"https:\/\/mundodocarnaval.com.br\/pt_br\/wp-json\/wp\/v2\/media\/4544"}],"wp:attachment":[{"href":"https:\/\/mundodocarnaval.com.br\/pt_br\/wp-json\/wp\/v2\/media?parent=4543"}],"wp:term":[{"taxonomy":"category","embeddable":true,"href":"https:\/\/mundodocarnaval.com.br\/pt_br\/wp-json\/wp\/v2\/categories?post=4543"},{"taxonomy":"post_tag","embeddable":true,"href":"https:\/\/mundodocarnaval.com.br\/pt_br\/wp-json\/wp\/v2\/tags?post=4543"}],"curies":[{"name":"wp","href":"https:\/\/api.w.org\/{rel}","templated":true}]}}