{"id":4546,"date":"2026-04-29T21:59:30","date_gmt":"2026-04-30T00:59:30","guid":{"rendered":"https:\/\/mundodocarnaval.com.br\/?p=4546"},"modified":"2026-04-29T21:59:30","modified_gmt":"2026-04-30T00:59:30","slug":"maryanne-hipolito-e-confirmada-como-nova-musa","status":"publish","type":"post","link":"https:\/\/mundodocarnaval.com.br\/pt_br\/maryanne-hipolito-e-confirmada-como-nova-musa\/","title":{"rendered":"Maryanne Hip\u00f3lito \u00e9 confirmada como nova musa"},"content":{"rendered":"<p>Maryanne Hip\u00f3lito \u00e9 confirmada como nova musa da Uni\u00e3o de Maric\u00e1 para o Grupo Especial<br \/>\nAgremia\u00e7\u00e3o refor\u00e7a elenco para o Carnaval 2027 com foco na valoriza\u00e7\u00e3o da mulher sambista<\/p>\n<p>Ap\u00f3s suspense nas redes sociais, a Uni\u00e3o de Maric\u00e1 revelou mais um nome do seu time de musas para o Carnaval 2027. Horas antes da Feijoada do Padroeiro, que acontece neste s\u00e1bado (25), a escola confirmou a chegada de Maryanne Hip\u00f3lito como nova musa. Terceira confirmada para o pr\u00f3ximo ano, a sambista se junta \u00e0s rec\u00e9m-chegadas Mari Mola e Vanessa Alves, al\u00e9m da musa da comunidade Aninha Estrela e de Thai Rodrigues.<\/p>\n<p>Com paix\u00e3o, talento e representatividade, Maryanne Hip\u00f3lito se consagrou como um dos grandes nomes do Carnaval carioca. A trajet\u00f3ria da nova musa come\u00e7ou ainda na inf\u00e2ncia, na ala mirim da Caprichosos de Pilares, em 2004. Ao longo dos anos, acumulou passagens por escolas como S\u00e3o Clemente, Viradouro, Est\u00e1cio de S\u00e1 e Acad\u00eamicos do Cubango, destacando-se em diferentes fun\u00e7\u00f5es, de passista \u00e0 musa, de madrinha \u00e0 rainha de bateria.<\/p>\n<p>No Acad\u00eamicos do Salgueiro, onde desfilou por 12 anos como passista, tamb\u00e9m foi destaque de carro e musa, al\u00e9m de rainha do Carnaval de Niter\u00f3i e de bateria do Sossego, na S\u00e9rie Ouro. Em 2026, reinou \u00e0 frente da bateria Sintonia de Cavalcante, da Em Cima da Hora. Sua chegada \u00e0 Maric\u00e1 refor\u00e7a a filosofia da escola de valorizar e dar protagonismo \u00e0s mulheres do samba.<\/p>\n<p>No Carnaval 2027, a escola abrir\u00e1 os desfiles do Grupo Especial, no dia 7 de fevereiro, na Marqu\u00eas de Sapuca\u00ed.<\/p>\n<p>Fotos: Fausto Eduardo\/Uni\u00e3o de Maric\u00e1<\/p>\n","protected":false},"excerpt":{"rendered":"<p>Maryanne Hip\u00f3lito \u00e9 confirmada como nova musa da Uni\u00e3o de Maric\u00e1 para o Grupo Especial Agremia\u00e7\u00e3o refor\u00e7a elenco para o Carnaval 2027 com foco na valoriza\u00e7\u00e3o da mulher sambista Ap\u00f3s suspense nas redes sociais, a Uni\u00e3o de Maric\u00e1 revelou mais um nome do seu time de musas para o Carnaval 2027. Horas antes da Feijoada [&hellip;]<\/p>\n","protected":false},"author":1,"featured_media":4547,"comment_status":"closed","ping_status":"closed","sticky":false,"template":"","format":"standard","meta":{"footnotes":""},"categories":[12],"tags":[151,153,154,159,152],"class_list":["post-4546","post","type-post","status-publish","format-standard","has-post-thumbnail","hentry","category-grupo-especial","tag-carnaval","tag-mundo-do-carnaval","tag-rio-de-janeiro","tag-samba","tag-sapucai"],"_links":{"self":[{"href":"https:\/\/mundodocarnaval.com.br\/pt_br\/wp-json\/wp\/v2\/posts\/4546","targetHints":{"allow":["GET"]}}],"collection":[{"href":"https:\/\/mundodocarnaval.com.br\/pt_br\/wp-json\/wp\/v2\/posts"}],"about":[{"href":"https:\/\/mundodocarnaval.com.br\/pt_br\/wp-json\/wp\/v2\/types\/post"}],"author":[{"embeddable":true,"href":"https:\/\/mundodocarnaval.com.br\/pt_br\/wp-json\/wp\/v2\/users\/1"}],"replies":[{"embeddable":true,"href":"https:\/\/mundodocarnaval.com.br\/pt_br\/wp-json\/wp\/v2\/comments?post=4546"}],"version-history":[{"count":1,"href":"https:\/\/mundodocarnaval.com.br\/pt_br\/wp-json\/wp\/v2\/posts\/4546\/revisions"}],"predecessor-version":[{"id":4548,"href":"https:\/\/mundodocarnaval.com.br\/pt_br\/wp-json\/wp\/v2\/posts\/4546\/revisions\/4548"}],"wp:featuredmedia":[{"embeddable":true,"href":"https:\/\/mundodocarnaval.com.br\/pt_br\/wp-json\/wp\/v2\/media\/4547"}],"wp:attachment":[{"href":"https:\/\/mundodocarnaval.com.br\/pt_br\/wp-json\/wp\/v2\/media?parent=4546"}],"wp:term":[{"taxonomy":"category","embeddable":true,"href":"https:\/\/mundodocarnaval.com.br\/pt_br\/wp-json\/wp\/v2\/categories?post=4546"},{"taxonomy":"post_tag","embeddable":true,"href":"https:\/\/mundodocarnaval.com.br\/pt_br\/wp-json\/wp\/v2\/tags?post=4546"}],"curies":[{"name":"wp","href":"https:\/\/api.w.org\/{rel}","templated":true}]}}