{"id":4549,"date":"2026-04-29T22:24:26","date_gmt":"2026-04-30T01:24:26","guid":{"rendered":"https:\/\/mundodocarnaval.com.br\/?p=4549"},"modified":"2026-04-29T22:24:26","modified_gmt":"2026-04-30T01:24:26","slug":"portela-abre-audicoes-para-comissao-de-frente","status":"publish","type":"post","link":"https:\/\/mundodocarnaval.com.br\/pt_br\/portela-abre-audicoes-para-comissao-de-frente\/","title":{"rendered":"Portela abre audi\u00e7\u00f5es para comiss\u00e3o de frente"},"content":{"rendered":"<p>Portela abre audi\u00e7\u00f5es para comiss\u00e3o de frente do Carnaval 2027 em homenagem a Monarco<\/p>\n<p>Sele\u00e7\u00e3o acontece em maio, na Cidade do Samba, e busca bailarinos com experi\u00eancia em dan\u00e7a e viv\u00eancia no universo do Carnaval<\/p>\n<p>A Portela j\u00e1 deu in\u00edcio aos preparativos para o Carnaval 2027 e abriu audi\u00e7\u00f5es para a sua comiss\u00e3o de frente. A sele\u00e7\u00e3o ser\u00e1 realizada no dia 30 de maio (s\u00e1bado), \u00e0s 16h, no barrac\u00e3o da agremia\u00e7\u00e3o, localizado na Cidade do Samba, na regi\u00e3o portu\u00e1ria do Rio de Janeiro.<\/p>\n<p>Para o pr\u00f3ximo desfile, a azul e branco de Oswaldo Cruz e Madureira levar\u00e1 para a Marqu\u00eas de Sapuca\u00ed o enredo \u201cAo mestre, com carinho\u201d, do carnavalesco Paulo Barros; homenagem ao sambista Monarco, figura hist\u00f3rica da escola e um dos maiores nomes do samba carioca.<\/p>\n<p>A comiss\u00e3o de frente ser\u00e1 assinada pelo casal de core\u00f3grafos Sergio Lobato e Patricia Salgado, bailarinos com s\u00f3lida trajet\u00f3ria no Carnaval. Reconhecidos por desenvolverem propostas coreogr\u00e1ficas que unem t\u00e9cnica, teatralidade e narrativa, os dois acumulam experi\u00eancias em diferentes agremia\u00e7\u00f5es e v\u00eam se destacando por trabalhos que valorizam a expressividade e a identidade das escolas na avenida.<\/p>\n<p>S\u00e9rgio Lobato retorna \u00e0 \u00e1guia ap\u00f3s passagem pela escola em 2018, quando integrou a equipe da carnavalesca Rosa Magalh\u00e3es. Agora, o core\u00f3grafo volta para uma nova parceria com o carnavalesco Paulo Barros, com quem j\u00e1 trabalhou anteriormente em projetos na Unidos da Tijuca e na Unidos do Viradouro. <\/p>\n<p>Para participar da audi\u00e7\u00e3o, os interessados devem atender a alguns crit\u00e9rios definidos pela equipe: ser homem preto, ter no m\u00ednimo 1,85m de altura, possuir viv\u00eancia em algum estilo de dan\u00e7a, saber sambar e ter experi\u00eancia pr\u00e9via no Carnaval. A sele\u00e7\u00e3o busca um elenco que una preparo t\u00e9cnico e conex\u00e3o com a cultura do samba.<\/p>\n<p>As inscri\u00e7\u00f5es devem ser feitas previamente por meio de formul\u00e1rio online:<br \/>\n https:\/\/docs.google.com\/forms\/d\/e\/1FAIpQLSfSSbsBrIP1ednVMlIFjOmzZt_AREvAsnAk980i4YiUy10vSA\/viewform?usp=publish-editor<\/p>\n<p>\u00c9 necess\u00e1rio enviar uma foto de corpo inteiro, al\u00e9m do preenchimento de dados pessoais e curr\u00edculo art\u00edstico. D\u00favidas podem ser encaminhadas para o e-mail: comissaodefrenteportela2027@gmail.com.<\/p>\n","protected":false},"excerpt":{"rendered":"<p>Portela abre audi\u00e7\u00f5es para comiss\u00e3o de frente do Carnaval 2027 em homenagem a Monarco Sele\u00e7\u00e3o acontece em maio, na Cidade do Samba, e busca bailarinos com experi\u00eancia em dan\u00e7a e viv\u00eancia no universo do Carnaval A Portela j\u00e1 deu in\u00edcio aos preparativos para o Carnaval 2027 e abriu audi\u00e7\u00f5es para a sua comiss\u00e3o de frente. [&hellip;]<\/p>\n","protected":false},"author":1,"featured_media":4550,"comment_status":"closed","ping_status":"closed","sticky":false,"template":"","format":"standard","meta":{"footnotes":""},"categories":[12],"tags":[151,163,153,154,159,152],"class_list":["post-4549","post","type-post","status-publish","format-standard","has-post-thumbnail","hentry","category-grupo-especial","tag-carnaval","tag-grupo-especial","tag-mundo-do-carnaval","tag-rio-de-janeiro","tag-samba","tag-sapucai"],"_links":{"self":[{"href":"https:\/\/mundodocarnaval.com.br\/pt_br\/wp-json\/wp\/v2\/posts\/4549","targetHints":{"allow":["GET"]}}],"collection":[{"href":"https:\/\/mundodocarnaval.com.br\/pt_br\/wp-json\/wp\/v2\/posts"}],"about":[{"href":"https:\/\/mundodocarnaval.com.br\/pt_br\/wp-json\/wp\/v2\/types\/post"}],"author":[{"embeddable":true,"href":"https:\/\/mundodocarnaval.com.br\/pt_br\/wp-json\/wp\/v2\/users\/1"}],"replies":[{"embeddable":true,"href":"https:\/\/mundodocarnaval.com.br\/pt_br\/wp-json\/wp\/v2\/comments?post=4549"}],"version-history":[{"count":1,"href":"https:\/\/mundodocarnaval.com.br\/pt_br\/wp-json\/wp\/v2\/posts\/4549\/revisions"}],"predecessor-version":[{"id":4551,"href":"https:\/\/mundodocarnaval.com.br\/pt_br\/wp-json\/wp\/v2\/posts\/4549\/revisions\/4551"}],"wp:featuredmedia":[{"embeddable":true,"href":"https:\/\/mundodocarnaval.com.br\/pt_br\/wp-json\/wp\/v2\/media\/4550"}],"wp:attachment":[{"href":"https:\/\/mundodocarnaval.com.br\/pt_br\/wp-json\/wp\/v2\/media?parent=4549"}],"wp:term":[{"taxonomy":"category","embeddable":true,"href":"https:\/\/mundodocarnaval.com.br\/pt_br\/wp-json\/wp\/v2\/categories?post=4549"},{"taxonomy":"post_tag","embeddable":true,"href":"https:\/\/mundodocarnaval.com.br\/pt_br\/wp-json\/wp\/v2\/tags?post=4549"}],"curies":[{"name":"wp","href":"https:\/\/api.w.org\/{rel}","templated":true}]}}