{"id":4553,"date":"2026-04-29T23:01:18","date_gmt":"2026-04-30T02:01:18","guid":{"rendered":"https:\/\/mundodocarnaval.com.br\/?p=4553"},"modified":"2026-04-29T23:01:19","modified_gmt":"2026-04-30T02:01:19","slug":"mauro-cordeiro-e-o-novo-enredista-da-uniao-de-marica","status":"publish","type":"post","link":"https:\/\/mundodocarnaval.com.br\/pt_br\/mauro-cordeiro-e-o-novo-enredista-da-uniao-de-marica\/","title":{"rendered":"Mauro Cordeiro \u00e9 o novo enredista da Uni\u00e3o de Maric\u00e1"},"content":{"rendered":"<p>Mauro Cordeiro \u00e9 o novo enredista da Uni\u00e3o de Maric\u00e1 para o Carnaval 2027<\/p>\n<p>Pesquisador e professor, ele refor\u00e7a a equipe do carnavalesco Edson Pereira na estreia da escola no Grupo Especial<\/p>\n<p>A Uni\u00e3o de Maric\u00e1 anunciou, nesta segunda-feira (27), a chegada de Mauro Cordeiro como enredista para o Carnaval 2027. Com trajet\u00f3ria que une pesquisa acad\u00eamica e viv\u00eancia no universo do samba, o profissional passa a integrar a equipe liderada pelo carnavalesco Edson Pereira, contribuindo diretamente para a constru\u00e7\u00e3o narrativa do enredo que marcar\u00e1 a estreia da escola no Grupo Especial, na Marqu\u00eas de Sapuca\u00ed, em 2027. <\/p>\n<p>Professor do Departamento de Sociologia do Col\u00e9gio Pedro II, Mauro \u00e9 doutorando no Programa de P\u00f3s-Gradua\u00e7\u00e3o em Etnografia e Cr\u00edtica Cultural da UFRJ, mestre em Ci\u00eancias Sociais pela PUC-Rio e licenciado em Ci\u00eancias Sociais pela UFRRJ. Sua atua\u00e7\u00e3o \u00e9 voltada para os estudos sobre cultura e sociedade, com \u00eanfase no samba carioca.<\/p>\n<p>Mauro Cordeiro celebrou a oportunidade de integrar o projeto da Uni\u00e3o de Maric\u00e1 e demonstrou entusiasmo com o desafio de contribuir com a escola, destacando o esp\u00edrito coletivo e a ambi\u00e7\u00e3o de realizar um desfile marcante na Sapuca\u00ed.<\/p>\n<p>\u201c\u00c9 uma alegria muito grande fazer parte dessa equipe, desse time que a Uni\u00e3o de Maric\u00e1 est\u00e1 montando para sua estreia no Grupo Especial. Toda a minha dedica\u00e7\u00e3o e esfor\u00e7o para que a gente, junto, consiga fazer um grande desfile e fazer hist\u00f3ria na Marqu\u00eas de Sapuca\u00ed. Estou animado para trabalhar com o Edson Pereira e somar na equipe do carnavalesco\u201d, destacou o enredista, que foi apresentado aos maricaenses no \u00faltimo s\u00e1bado (25), durante a Feijoada do Padroeiro, na quadra da escola.<\/p>\n<p>Filiado \u00e0 Associa\u00e7\u00e3o Brasileira de Antropologia (ABA), onde integra o Comit\u00ea de Antrop\u00f3logas\/os Negras\/os, e \u00e0 Associa\u00e7\u00e3o Brasileira de Pesquisadores Negros (ABPN), Mauro tamb\u00e9m \u00e9 um dos fundadores do Pensamento Social do Samba, iniciativa que se consolidou como o grupo de pesquisa PSS \u2013 Laborat\u00f3rio de Pesquisa Pensamento Social do Samba (CP2\/CNPq), voltado \u00e0 produ\u00e7\u00e3o e difus\u00e3o de conhecimento sobre o universo do samba.<\/p>\n<p>Cria do Salgueiro, Mauro carrega uma rela\u00e7\u00e3o direta com o carnaval, unindo viv\u00eancia e produ\u00e7\u00e3o intelectual sobre a cultura carnavalesca. No curr\u00edculo, tamb\u00e9m possui passagem como enredista pela Beija-Flor de Nil\u00f3polis, refor\u00e7ando sua experi\u00eancia na elabora\u00e7\u00e3o de narrativas para o desfile.<\/p>\n<p>A chegada de Mauro Cordeiro integra o planejamento da Uni\u00e3o de Maric\u00e1 para o Carnaval 2027. A escola ser\u00e1 a primeira a desfilar no dia 7 de fevereiro.<\/p>\n<p>Fotos: Fausto Eduardo\/Uni\u00e3o de Maric\u00e1<\/p>\n","protected":false},"excerpt":{"rendered":"<p>Mauro Cordeiro \u00e9 o novo enredista da Uni\u00e3o de Maric\u00e1 para o Carnaval 2027 Pesquisador e professor, ele refor\u00e7a a equipe do carnavalesco Edson Pereira na estreia da escola no Grupo Especial A Uni\u00e3o de Maric\u00e1 anunciou, nesta segunda-feira (27), a chegada de Mauro Cordeiro como enredista para o Carnaval 2027. Com trajet\u00f3ria que une [&hellip;]<\/p>\n","protected":false},"author":1,"featured_media":4554,"comment_status":"closed","ping_status":"closed","sticky":false,"template":"","format":"standard","meta":{"footnotes":""},"categories":[12],"tags":[151,163,153,154,152],"class_list":["post-4553","post","type-post","status-publish","format-standard","has-post-thumbnail","hentry","category-grupo-especial","tag-carnaval","tag-grupo-especial","tag-mundo-do-carnaval","tag-rio-de-janeiro","tag-sapucai"],"_links":{"self":[{"href":"https:\/\/mundodocarnaval.com.br\/pt_br\/wp-json\/wp\/v2\/posts\/4553","targetHints":{"allow":["GET"]}}],"collection":[{"href":"https:\/\/mundodocarnaval.com.br\/pt_br\/wp-json\/wp\/v2\/posts"}],"about":[{"href":"https:\/\/mundodocarnaval.com.br\/pt_br\/wp-json\/wp\/v2\/types\/post"}],"author":[{"embeddable":true,"href":"https:\/\/mundodocarnaval.com.br\/pt_br\/wp-json\/wp\/v2\/users\/1"}],"replies":[{"embeddable":true,"href":"https:\/\/mundodocarnaval.com.br\/pt_br\/wp-json\/wp\/v2\/comments?post=4553"}],"version-history":[{"count":1,"href":"https:\/\/mundodocarnaval.com.br\/pt_br\/wp-json\/wp\/v2\/posts\/4553\/revisions"}],"predecessor-version":[{"id":4555,"href":"https:\/\/mundodocarnaval.com.br\/pt_br\/wp-json\/wp\/v2\/posts\/4553\/revisions\/4555"}],"wp:featuredmedia":[{"embeddable":true,"href":"https:\/\/mundodocarnaval.com.br\/pt_br\/wp-json\/wp\/v2\/media\/4554"}],"wp:attachment":[{"href":"https:\/\/mundodocarnaval.com.br\/pt_br\/wp-json\/wp\/v2\/media?parent=4553"}],"wp:term":[{"taxonomy":"category","embeddable":true,"href":"https:\/\/mundodocarnaval.com.br\/pt_br\/wp-json\/wp\/v2\/categories?post=4553"},{"taxonomy":"post_tag","embeddable":true,"href":"https:\/\/mundodocarnaval.com.br\/pt_br\/wp-json\/wp\/v2\/tags?post=4553"}],"curies":[{"name":"wp","href":"https:\/\/api.w.org\/{rel}","templated":true}]}}