{"id":4557,"date":"2026-04-29T23:16:15","date_gmt":"2026-04-30T02:16:15","guid":{"rendered":"https:\/\/mundodocarnaval.com.br\/?p=4557"},"modified":"2026-04-29T23:16:15","modified_gmt":"2026-04-30T02:16:15","slug":"tela-de-mensagens-ordem-dos-desfiles-da-serie-ouro-e-definida","status":"publish","type":"post","link":"https:\/\/mundodocarnaval.com.br\/pt_br\/tela-de-mensagens-ordem-dos-desfiles-da-serie-ouro-e-definida\/","title":{"rendered":"Tela de mensagens Ordem dos desfiles da S\u00e9rie Ouro \u00e9 definida"},"content":{"rendered":"<p>Ordem dos desfiles da S\u00e9rie Ouro \u00e9 definida para o Carnaval 2027<br \/>\nGrupo ter\u00e1 17 escolas, com desfiles divididos entre sexta e s\u00e1bado na Sapuca\u00ed e acesso ampliado ao Grupo Especial<\/p>\n<p>O caminho rumo aos desfiles da S\u00e9rie Ouro 2027 j\u00e1 est\u00e1 tra\u00e7ado. Na noite desta segunda-feira (27), em uma churrascaria na Zona Sul do Rio de Janeiro, foi realizado o sorteio que definiu a ordem das apresenta\u00e7\u00f5es do grupo para o pr\u00f3ximo Carnaval.<\/p>\n<p>Em 2027, a S\u00e9rie Ouro contar\u00e1 com 17 agremia\u00e7\u00f5es. Por determina\u00e7\u00e3o da Prefeitura do Rio, o grupo ter\u00e1 tr\u00eas escolas a mais do que o previsto inicialmente. Com isso, os desfiles ser\u00e3o divididos com oito escolas na sexta-feira (5 de fevereiro) e nove no s\u00e1bado (6 de fevereiro), na Marqu\u00eas de Sapuca\u00ed. Conforme anunciado pelo prefeito Eduardo Cavaliere, as duas primeiras colocadas garantir\u00e3o acesso ao Grupo Especial em 2028.<\/p>\n<p>S\u00e3o Clemente, Unidos do Jacarezinho, Acad\u00eamicos de Santa Cruz e Inocentes de Belford Roxo n\u00e3o participaram do sorteio, j\u00e1 que possu\u00edam posi\u00e7\u00f5es previamente definidas. Vice-campe\u00e3o da S\u00e9rie Ouro 2026, o Imp\u00e9rio Serrano teve o direito de escolher sua posi\u00e7\u00e3o de desfile.<\/p>\n<p>Confira a ordem:<\/p>\n<p>Sexta-feira \u2014 5 de fevereiro<br \/>\n 1. S\u00e3o Clemente<br \/>\n 2. Unidos do Jacarezinho<br \/>\n 3. Porto da Pedra<br \/>\n 4. Vig\u00e1rio Geral<br \/>\n 5. Acad\u00eamicos de Niter\u00f3i<br \/>\n 6. Uni\u00e3o da Ilha<br \/>\n 7. Unidos da Ponte<br \/>\n 8. Unidos de Bangu<\/p>\n<p>S\u00e1bado \u2014 6 de fevereiro<br \/>\n 1. Santa Cruz<br \/>\n 2. Inocentes de Belford Roxo<br \/>\n 3. Est\u00e1cio de S\u00e1<br \/>\n 4. Unidos de Padre Miguel<br \/>\n 5. Arranco<br \/>\n 6. Imp\u00e9rio Serrano<br \/>\n 7. Em Cima da Hora<br \/>\n 8. Botafogo Samba CLube<br \/>\n 9. Uni\u00e3o do Parque Acari<\/p>\n<p>Para o pr\u00f3ximo ano, os desfiles da S\u00e9rie Ouro ter\u00e3o in\u00edcio mais cedo, \u00e0s 20h50. O regulamento da disputa ainda ser\u00e1 debatido em plen\u00e1ria, sob a lideran\u00e7a do presidente Deo Pessoa.<\/p>\n<p>Fotos: Fausto Eduardo\/Liga RJ<\/p>\n","protected":false},"excerpt":{"rendered":"<p>Ordem dos desfiles da S\u00e9rie Ouro \u00e9 definida para o Carnaval 2027 Grupo ter\u00e1 17 escolas, com desfiles divididos entre sexta e s\u00e1bado na Sapuca\u00ed e acesso ampliado ao Grupo Especial O caminho rumo aos desfiles da S\u00e9rie Ouro 2027 j\u00e1 est\u00e1 tra\u00e7ado. Na noite desta segunda-feira (27), em uma churrascaria na Zona Sul do [&hellip;]<\/p>\n","protected":false},"author":1,"featured_media":4558,"comment_status":"closed","ping_status":"closed","sticky":false,"template":"","format":"standard","meta":{"footnotes":""},"categories":[12],"tags":[151,163,153,154,152],"class_list":["post-4557","post","type-post","status-publish","format-standard","has-post-thumbnail","hentry","category-grupo-especial","tag-carnaval","tag-grupo-especial","tag-mundo-do-carnaval","tag-rio-de-janeiro","tag-sapucai"],"_links":{"self":[{"href":"https:\/\/mundodocarnaval.com.br\/pt_br\/wp-json\/wp\/v2\/posts\/4557","targetHints":{"allow":["GET"]}}],"collection":[{"href":"https:\/\/mundodocarnaval.com.br\/pt_br\/wp-json\/wp\/v2\/posts"}],"about":[{"href":"https:\/\/mundodocarnaval.com.br\/pt_br\/wp-json\/wp\/v2\/types\/post"}],"author":[{"embeddable":true,"href":"https:\/\/mundodocarnaval.com.br\/pt_br\/wp-json\/wp\/v2\/users\/1"}],"replies":[{"embeddable":true,"href":"https:\/\/mundodocarnaval.com.br\/pt_br\/wp-json\/wp\/v2\/comments?post=4557"}],"version-history":[{"count":1,"href":"https:\/\/mundodocarnaval.com.br\/pt_br\/wp-json\/wp\/v2\/posts\/4557\/revisions"}],"predecessor-version":[{"id":4559,"href":"https:\/\/mundodocarnaval.com.br\/pt_br\/wp-json\/wp\/v2\/posts\/4557\/revisions\/4559"}],"wp:featuredmedia":[{"embeddable":true,"href":"https:\/\/mundodocarnaval.com.br\/pt_br\/wp-json\/wp\/v2\/media\/4558"}],"wp:attachment":[{"href":"https:\/\/mundodocarnaval.com.br\/pt_br\/wp-json\/wp\/v2\/media?parent=4557"}],"wp:term":[{"taxonomy":"category","embeddable":true,"href":"https:\/\/mundodocarnaval.com.br\/pt_br\/wp-json\/wp\/v2\/categories?post=4557"},{"taxonomy":"post_tag","embeddable":true,"href":"https:\/\/mundodocarnaval.com.br\/pt_br\/wp-json\/wp\/v2\/tags?post=4557"}],"curies":[{"name":"wp","href":"https:\/\/api.w.org\/{rel}","templated":true}]}}