{"id":4561,"date":"2026-04-29T23:45:42","date_gmt":"2026-04-30T02:45:42","guid":{"rendered":"https:\/\/mundodocarnaval.com.br\/?p=4561"},"modified":"2026-04-29T23:45:42","modified_gmt":"2026-04-30T02:45:42","slug":"portela-reune-familia-de-monarco-e-paulo-barros","status":"publish","type":"post","link":"https:\/\/mundodocarnaval.com.br\/pt_br\/portela-reune-familia-de-monarco-e-paulo-barros\/","title":{"rendered":"Portela re\u00fane fam\u00edlia de Monarco e Paulo Barros"},"content":{"rendered":"<p>Portela re\u00fane fam\u00edlia de Monarco e Paulo Barros em feijoada neste s\u00e1bado<\/p>\n<p>Evento ter\u00e1 filhos e netos do baluarte como atra\u00e7\u00f5es e marca novo encontro da comunidade com o carnavalesco do enredo \u201cAo Mestre, com Carinho\u201d; Velha Guarda Show tamb\u00e9m far\u00e1 apresenta\u00e7\u00e3o<\/p>\n<p>A Portela realiza neste s\u00e1bado (02\/05), a partir das 13h, mais uma edi\u00e7\u00e3o da tradicional Feijoada da Fam\u00edlia Portelense, na quadra da escola, em Madureira. O encontro ter\u00e1 a presen\u00e7a do carnavalesco Paulo Barros, autor do enredo \u201cAo Mestre, com Carinho\u201d, que vai homenagear Monarco no Carnaval de 2027.<\/p>\n<p>A fam\u00edlia do baluarte portelense ser\u00e1 uma das atra\u00e7\u00f5es da tarde. Mauro Diniz e Marquinhos Diniz, filhos de Monarco, al\u00e9m de Jo\u00e3o Diniz e Juliana Diniz, netos do compositor, participam do evento, que tamb\u00e9m contar\u00e1 com apresenta\u00e7\u00e3o da Velha Guarda Show e do elenco da Portela.<\/p>\n<p>Para Paulo Barros, a presen\u00e7a na quadra marca mais um passo na constru\u00e7\u00e3o de um carnaval feito junto \u00e0 comunidade e \u00e0 mem\u00f3ria da escola.<\/p>\n<p>&#8220;Estar na quadra da Portela, ao lado da fam\u00edlia de Monarco e da comunidade portelense, \u00e9 uma emo\u00e7\u00e3o muito grande. Esse enredo nasce do carinho, da gratid\u00e3o e da responsabilidade de contar a hist\u00f3ria de um mestre que ajudou a construir a alma da Portela&#8221;, afirma o carnavalesco.<\/p>\n<p>Os \u00faltimos ingressos e mesas do lote atual est\u00e3o dispon\u00edveis pelo site Meu Bilhete:<br \/>\nhttps:\/\/www.meubilhete.com.br\/feijoada-da-familia-portelense<\/p>\n<p>Em 2027, a Portela ser\u00e1 a 1\u00aa escola a desfilar na ter\u00e7a-feira de Carnaval em busca do 23\u00ba t\u00edtulo de sua hist\u00f3ria.<\/p>\n<p>FOTOS E V\u00cdDEO: https:\/\/drive.google.com\/drive\/folders\/1uy_WZbLN-DhYbPQISZ3-xFAr_OKHsZRx<\/p>\n","protected":false},"excerpt":{"rendered":"<p>Portela re\u00fane fam\u00edlia de Monarco e Paulo Barros em feijoada neste s\u00e1bado Evento ter\u00e1 filhos e netos do baluarte como atra\u00e7\u00f5es e marca novo encontro da comunidade com o carnavalesco do enredo \u201cAo Mestre, com Carinho\u201d; Velha Guarda Show tamb\u00e9m far\u00e1 apresenta\u00e7\u00e3o A Portela realiza neste s\u00e1bado (02\/05), a partir das 13h, mais uma edi\u00e7\u00e3o [&hellip;]<\/p>\n","protected":false},"author":1,"featured_media":4562,"comment_status":"closed","ping_status":"closed","sticky":false,"template":"","format":"standard","meta":{"footnotes":""},"categories":[12],"tags":[151,163,153,154,159],"class_list":["post-4561","post","type-post","status-publish","format-standard","has-post-thumbnail","hentry","category-grupo-especial","tag-carnaval","tag-grupo-especial","tag-mundo-do-carnaval","tag-rio-de-janeiro","tag-samba"],"_links":{"self":[{"href":"https:\/\/mundodocarnaval.com.br\/pt_br\/wp-json\/wp\/v2\/posts\/4561","targetHints":{"allow":["GET"]}}],"collection":[{"href":"https:\/\/mundodocarnaval.com.br\/pt_br\/wp-json\/wp\/v2\/posts"}],"about":[{"href":"https:\/\/mundodocarnaval.com.br\/pt_br\/wp-json\/wp\/v2\/types\/post"}],"author":[{"embeddable":true,"href":"https:\/\/mundodocarnaval.com.br\/pt_br\/wp-json\/wp\/v2\/users\/1"}],"replies":[{"embeddable":true,"href":"https:\/\/mundodocarnaval.com.br\/pt_br\/wp-json\/wp\/v2\/comments?post=4561"}],"version-history":[{"count":1,"href":"https:\/\/mundodocarnaval.com.br\/pt_br\/wp-json\/wp\/v2\/posts\/4561\/revisions"}],"predecessor-version":[{"id":4563,"href":"https:\/\/mundodocarnaval.com.br\/pt_br\/wp-json\/wp\/v2\/posts\/4561\/revisions\/4563"}],"wp:featuredmedia":[{"embeddable":true,"href":"https:\/\/mundodocarnaval.com.br\/pt_br\/wp-json\/wp\/v2\/media\/4562"}],"wp:attachment":[{"href":"https:\/\/mundodocarnaval.com.br\/pt_br\/wp-json\/wp\/v2\/media?parent=4561"}],"wp:term":[{"taxonomy":"category","embeddable":true,"href":"https:\/\/mundodocarnaval.com.br\/pt_br\/wp-json\/wp\/v2\/categories?post=4561"},{"taxonomy":"post_tag","embeddable":true,"href":"https:\/\/mundodocarnaval.com.br\/pt_br\/wp-json\/wp\/v2\/tags?post=4561"}],"curies":[{"name":"wp","href":"https:\/\/api.w.org\/{rel}","templated":true}]}}