{"id":4564,"date":"2026-04-29T23:57:30","date_gmt":"2026-04-30T02:57:30","guid":{"rendered":"https:\/\/mundodocarnaval.com.br\/?p=4564"},"modified":"2026-04-29T23:57:31","modified_gmt":"2026-04-30T02:57:31","slug":"mocidade-independente-realiza-tradicional-feijoada","status":"publish","type":"post","link":"https:\/\/mundodocarnaval.com.br\/pt_br\/mocidade-independente-realiza-tradicional-feijoada\/","title":{"rendered":"Mocidade Independente realiza tradicional feijoada"},"content":{"rendered":"<p>Mocidade Independente realiza tradicional feijoada com apresenta\u00e7\u00e3o do elenco para 2027.<\/p>\n<p>A Mocidade Independente de Padre Miguel realiza neste domingo (3), a partir das 13h, mais uma edi\u00e7\u00e3o da tradicional feijoada na quadra da Vila Vint\u00e9m. O evento promete muita anima\u00e7\u00e3o e samba, em tarde que marcar\u00e1 a apresenta\u00e7\u00e3o oficial do elenco para o pr\u00f3ximo carnaval. O cantor Evandro Malandro, o carnavalesco Jack Vasconcellos e a porta-bandeira Raphaela Teodoro s\u00e3o as novidades da Escola.<\/p>\n<p>Al\u00e9m do show da N\u00e3o Existe Mais Quente, sob o comando do Mestre Dudu, o p\u00fablico poder\u00e1 desfrutar de uma apresenta\u00e7\u00e3o especial do grupo Independente Samba Clube, que cantar\u00e1 sambas antol\u00f3gicos de todas as agremia\u00e7\u00f5es.<\/p>\n<p>Para abrilhantar ainda mais a tarde, a Unidos de Padre Miguel ser\u00e1 a escola convidada para um show especial nesse reencontro  com o p\u00fablico da Vint\u00e9m.<\/p>\n<p>Outra novidade especialmente preparada para os torcedores da verde e branca \u00e9 a seguinte: quem estiver vestindo a camisa da Mocidade ou da Unidos de Padre Miguel ter\u00e1 entrada gratuita at\u00e9 \u00e0s 15h. Ap\u00f3s, o ingresso custar\u00e1 R$ 20,00.<\/p>\n<p>Os camarotes e as mesas j\u00e1 est\u00e3o esgotados.<\/p>\n<p>Feijoada da Mocidade Independente de Padre Miguel<br \/>\nData: 03 de maio<br \/>\nHor\u00e1rio: a partir das 13h<br \/>\nLocal: Quadra da Vila Vint\u00e9m &#8211; R. Cel. Tamarindo, 38 &#8211; Vila Vint\u00e9m<br \/>\nAtra\u00e7\u00f5es: Apresenta\u00e7\u00e3o do novo elenco, Mocidade Show, Independente Samba Clube e Unidos de Padre Miguel.<\/p>\n","protected":false},"excerpt":{"rendered":"<p>Mocidade Independente realiza tradicional feijoada com apresenta\u00e7\u00e3o do elenco para 2027. A Mocidade Independente de Padre Miguel realiza neste domingo (3), a partir das 13h, mais uma edi\u00e7\u00e3o da tradicional feijoada na quadra da Vila Vint\u00e9m. O evento promete muita anima\u00e7\u00e3o e samba, em tarde que marcar\u00e1 a apresenta\u00e7\u00e3o oficial do elenco para o pr\u00f3ximo [&hellip;]<\/p>\n","protected":false},"author":1,"featured_media":4565,"comment_status":"closed","ping_status":"closed","sticky":false,"template":"","format":"standard","meta":{"footnotes":""},"categories":[12],"tags":[151,163,153,154,152],"class_list":["post-4564","post","type-post","status-publish","format-standard","has-post-thumbnail","hentry","category-grupo-especial","tag-carnaval","tag-grupo-especial","tag-mundo-do-carnaval","tag-rio-de-janeiro","tag-sapucai"],"_links":{"self":[{"href":"https:\/\/mundodocarnaval.com.br\/pt_br\/wp-json\/wp\/v2\/posts\/4564","targetHints":{"allow":["GET"]}}],"collection":[{"href":"https:\/\/mundodocarnaval.com.br\/pt_br\/wp-json\/wp\/v2\/posts"}],"about":[{"href":"https:\/\/mundodocarnaval.com.br\/pt_br\/wp-json\/wp\/v2\/types\/post"}],"author":[{"embeddable":true,"href":"https:\/\/mundodocarnaval.com.br\/pt_br\/wp-json\/wp\/v2\/users\/1"}],"replies":[{"embeddable":true,"href":"https:\/\/mundodocarnaval.com.br\/pt_br\/wp-json\/wp\/v2\/comments?post=4564"}],"version-history":[{"count":1,"href":"https:\/\/mundodocarnaval.com.br\/pt_br\/wp-json\/wp\/v2\/posts\/4564\/revisions"}],"predecessor-version":[{"id":4566,"href":"https:\/\/mundodocarnaval.com.br\/pt_br\/wp-json\/wp\/v2\/posts\/4564\/revisions\/4566"}],"wp:featuredmedia":[{"embeddable":true,"href":"https:\/\/mundodocarnaval.com.br\/pt_br\/wp-json\/wp\/v2\/media\/4565"}],"wp:attachment":[{"href":"https:\/\/mundodocarnaval.com.br\/pt_br\/wp-json\/wp\/v2\/media?parent=4564"}],"wp:term":[{"taxonomy":"category","embeddable":true,"href":"https:\/\/mundodocarnaval.com.br\/pt_br\/wp-json\/wp\/v2\/categories?post=4564"},{"taxonomy":"post_tag","embeddable":true,"href":"https:\/\/mundodocarnaval.com.br\/pt_br\/wp-json\/wp\/v2\/tags?post=4564"}],"curies":[{"name":"wp","href":"https:\/\/api.w.org\/{rel}","templated":true}]}}