{"id":4568,"date":"2026-04-30T00:06:25","date_gmt":"2026-04-30T03:06:25","guid":{"rendered":"https:\/\/mundodocarnaval.com.br\/?p=4568"},"modified":"2026-04-30T00:40:30","modified_gmt":"2026-04-30T03:40:30","slug":"tela-de-mensagens-gabriel-david-defende-melhorias-na-sapucai","status":"publish","type":"post","link":"https:\/\/mundodocarnaval.com.br\/pt_br\/tela-de-mensagens-gabriel-david-defende-melhorias-na-sapucai\/","title":{"rendered":"Gabriel David defende melhorias na Sapuca\u00ed"},"content":{"rendered":"<p>Gabriel David defende melhorias na Sapuca\u00ed em debate sobre revitaliza\u00e7\u00e3o da Pra\u00e7a Onze<\/p>\n<p>O presidente da Liga Independente das Escolas de Samba (Liesa), Gabriel David, participou nesta ter\u00e7a-feira, 28, do semin\u00e1rio \u201cRio em Tempo Real: Pra\u00e7a Onze Maravilha\u201d, realizado pela C\u00e2mara Municipal do Rio de Janeiro.  Durante o encontro, o dirigente destacou a import\u00e2ncia da revitaliza\u00e7\u00e3o do entorno da Marqu\u00eas de Sapuca\u00ed para o futuro do Rio Carnaval, bem como para a experi\u00eancia das escolas de samba, seus componentes e seu p\u00fablico.<\/p>\n<p>Ao plen\u00e1rio da Casa, Gabriel destacou a import\u00e2ncia nacional e internacional dos desfiles (com busca por ingressos em mais de 188 pa\u00edses) como principal justificativa para que o projeto da Pra\u00e7a Onze Maravilha contemple uma s\u00e9rie de melhorias no Samb\u00f3dromo. A lista de ajustes necess\u00e1rios inclui demandas de sambistas e foli\u00f5es, como reformas dos banheiros dispon\u00edveis no local. H\u00e1 ainda uma s\u00e9rie de medidas em \u00e1reas operacionais consideradas cr\u00edticas, como concentra\u00e7\u00e3o e, especialmente, dispers\u00e3o.<\/p>\n<p>Segundo Gabriel, a Liesa j\u00e1 apresentou propostas \u00e0 Prefeitura do Rio para elevar o padr\u00e3o do espet\u00e1culo, ampliar a seguran\u00e7a e qualificar a opera\u00e7\u00e3o do evento.<\/p>\n<p>\u201c\u00c9 fundamental que esse debate seja constru\u00eddo de forma conjunta, porque estamos falando de um projeto estrat\u00e9gico para a cidade e de um evento com alcance global. A revitaliza\u00e7\u00e3o do entorno \u00e9 essencial, mas tamb\u00e9m precisamos olhar para o pr\u00f3prio equipamento e para pontos sens\u00edveis da opera\u00e7\u00e3o, como a dispers\u00e3o. Nosso compromisso \u00e9 contribuir com propostas que melhorem a experi\u00eancia, ampliem a seguran\u00e7a e fortale\u00e7am o Carnaval como ativo cultural, econ\u00f4mico e tur\u00edstico do Rio\u201d, afirmou Gabriel David durante o evento.<\/p>\n<p>Al\u00e9m de Gabriel David, participaram do painel o secret\u00e1rio municipal de Desenvolvimento Econ\u00f4mico, Osmar Lima; e os vereadores Helena Vieira (PSD) e \u00c1tila Nunes (PSD). A media\u00e7\u00e3o foi da jornalista Berenice Seara.<\/p>\n","protected":false},"excerpt":{"rendered":"<p>Gabriel David defende melhorias na Sapuca\u00ed em debate sobre revitaliza\u00e7\u00e3o da Pra\u00e7a Onze O presidente da Liga Independente das Escolas de Samba (Liesa), Gabriel David, participou nesta ter\u00e7a-feira, 28, do semin\u00e1rio \u201cRio em Tempo Real: Pra\u00e7a Onze Maravilha\u201d, realizado pela C\u00e2mara Municipal do Rio de Janeiro. Durante o encontro, o dirigente destacou a import\u00e2ncia da [&hellip;]<\/p>\n","protected":false},"author":1,"featured_media":4569,"comment_status":"closed","ping_status":"closed","sticky":false,"template":"","format":"standard","meta":{"footnotes":""},"categories":[11],"tags":[151,153,154,152],"class_list":["post-4568","post","type-post","status-publish","format-standard","has-post-thumbnail","hentry","category-noticias","tag-carnaval","tag-mundo-do-carnaval","tag-rio-de-janeiro","tag-sapucai"],"_links":{"self":[{"href":"https:\/\/mundodocarnaval.com.br\/pt_br\/wp-json\/wp\/v2\/posts\/4568","targetHints":{"allow":["GET"]}}],"collection":[{"href":"https:\/\/mundodocarnaval.com.br\/pt_br\/wp-json\/wp\/v2\/posts"}],"about":[{"href":"https:\/\/mundodocarnaval.com.br\/pt_br\/wp-json\/wp\/v2\/types\/post"}],"author":[{"embeddable":true,"href":"https:\/\/mundodocarnaval.com.br\/pt_br\/wp-json\/wp\/v2\/users\/1"}],"replies":[{"embeddable":true,"href":"https:\/\/mundodocarnaval.com.br\/pt_br\/wp-json\/wp\/v2\/comments?post=4568"}],"version-history":[{"count":2,"href":"https:\/\/mundodocarnaval.com.br\/pt_br\/wp-json\/wp\/v2\/posts\/4568\/revisions"}],"predecessor-version":[{"id":4571,"href":"https:\/\/mundodocarnaval.com.br\/pt_br\/wp-json\/wp\/v2\/posts\/4568\/revisions\/4571"}],"wp:featuredmedia":[{"embeddable":true,"href":"https:\/\/mundodocarnaval.com.br\/pt_br\/wp-json\/wp\/v2\/media\/4569"}],"wp:attachment":[{"href":"https:\/\/mundodocarnaval.com.br\/pt_br\/wp-json\/wp\/v2\/media?parent=4568"}],"wp:term":[{"taxonomy":"category","embeddable":true,"href":"https:\/\/mundodocarnaval.com.br\/pt_br\/wp-json\/wp\/v2\/categories?post=4568"},{"taxonomy":"post_tag","embeddable":true,"href":"https:\/\/mundodocarnaval.com.br\/pt_br\/wp-json\/wp\/v2\/tags?post=4568"}],"curies":[{"name":"wp","href":"https:\/\/api.w.org\/{rel}","templated":true}]}}