{"id":4572,"date":"2026-05-01T00:08:15","date_gmt":"2026-05-01T03:08:15","guid":{"rendered":"https:\/\/mundodocarnaval.com.br\/?p=4572"},"modified":"2026-05-01T00:08:16","modified_gmt":"2026-05-01T03:08:16","slug":"oficina-de-percussao-ritmo-alvinegro","status":"publish","type":"post","link":"https:\/\/mundodocarnaval.com.br\/pt_br\/oficina-de-percussao-ritmo-alvinegro\/","title":{"rendered":"OFICINA DE PERCUSS\u00c3O RITMO ALVINEGRO"},"content":{"rendered":"<p>OFICINA DE PERCUSS\u00c3O RITMO ALVINEGRO ABRE NOVAS TURMAS E REVELA TALENTOS PARA O CARNAVAL<br \/>\nProjeto do Botafogo Samba Clube inicia aulas em 15 de maio com forma\u00e7\u00e3o para diferentes naipes; alunos de edi\u00e7\u00f5es anteriores j\u00e1 desfilaram na Marqu\u00eas de Sapuca\u00ed<\/p>\n<p>O Botafogo Samba Clube d\u00e1 in\u00edcio, no pr\u00f3ximo dia 15 de maio, a uma nova edi\u00e7\u00e3o da Oficina de Percuss\u00e3o Ritmo Alvinegro, projeto voltado para quem deseja aprender, se aperfei\u00e7oar e vivenciar de perto a cultura do samba por meio da bateria da escola.<\/p>\n<p>As aulas acontecem todas as sextas-feiras, \u00e0s 19h30, na Rua Doutor Padilha, 174, Kzinha Cultural (Setor Leste do Engenh\u00e3o), e contemplam diferentes naipes da bateria, marca\u00e7\u00e3o (1\u00aa, 2\u00aa e 3\u00aa), repique, caixa, tamborim e chocalho. O pr\u00e9-formul\u00e1rio de inscri\u00e7\u00e3o j\u00e1 est\u00e1 dispon\u00edvel no link da bio do instagram oficial da bateria (@ritmoalvinegro): https:\/\/encurtador.com.br\/kKsi<\/p>\n<p>Mais do que uma atividade musical, a oficina se consolida como espa\u00e7o de forma\u00e7\u00e3o e oportunidade dentro do universo do carnaval. Na edi\u00e7\u00e3o passada, diversos participantes foram aprovados para integrar a bateria da escola e desfilaram na Marqu\u00eas de Sapuca\u00ed.<\/p>\n<p>Para o mestre de bateria da agremia\u00e7\u00e3o, Mestre Marfim, o diferencial do projeto est\u00e1 na conex\u00e3o entre ensino e viv\u00eancia pr\u00e1tica. \u201cAqui, a gente ensina com quem vive o ch\u00e3o da escola. Nossos instrutores s\u00e3o diretores e ritmistas das grandes agremia\u00e7\u00f5es, gente que entende muito e est\u00e1 pronta para ensinar. A oficina est\u00e1 de portas abertas tanto para o veterano, que deseja se aprimorar, quanto para o iniciante. Para aprender, basta ter vontade, se inscrever e comparecer\u201d, destaca.<\/p>\n<p>Ele tamb\u00e9m refor\u00e7a o impacto real da iniciativa. \u201cO resultado est\u00e1 a\u00ed: formamos novos ritmistas que j\u00e1 sentiram a emo\u00e7\u00e3o de desfilar este ano\u201d, completa.<\/p>\n<p>Com foco em inclus\u00e3o, aprendizado e valoriza\u00e7\u00e3o da cultura popular, a Oficina de Percuss\u00e3o Ritmo Alvinegro reafirma o compromisso da Botafogo Samba Clube com a forma\u00e7\u00e3o de novos talentos e o fortalecimento do samba dentro e fora da avenida.<\/p>\n<p>Cr\u00e9dito das fotos: Cintia Cruz<\/p>\n","protected":false},"excerpt":{"rendered":"<p>OFICINA DE PERCUSS\u00c3O RITMO ALVINEGRO ABRE NOVAS TURMAS E REVELA TALENTOS PARA O CARNAVAL Projeto do Botafogo Samba Clube inicia aulas em 15 de maio com forma\u00e7\u00e3o para diferentes naipes; alunos de edi\u00e7\u00f5es anteriores j\u00e1 desfilaram na Marqu\u00eas de Sapuca\u00ed O Botafogo Samba Clube d\u00e1 in\u00edcio, no pr\u00f3ximo dia 15 de maio, a uma nova [&hellip;]<\/p>\n","protected":false},"author":1,"featured_media":4573,"comment_status":"closed","ping_status":"closed","sticky":false,"template":"","format":"standard","meta":{"footnotes":""},"categories":[13],"tags":[151,153,154,152,162],"class_list":["post-4572","post","type-post","status-publish","format-standard","has-post-thumbnail","hentry","category-fashion","tag-carnaval","tag-mundo-do-carnaval","tag-rio-de-janeiro","tag-sapucai","tag-serie-ouro"],"_links":{"self":[{"href":"https:\/\/mundodocarnaval.com.br\/pt_br\/wp-json\/wp\/v2\/posts\/4572","targetHints":{"allow":["GET"]}}],"collection":[{"href":"https:\/\/mundodocarnaval.com.br\/pt_br\/wp-json\/wp\/v2\/posts"}],"about":[{"href":"https:\/\/mundodocarnaval.com.br\/pt_br\/wp-json\/wp\/v2\/types\/post"}],"author":[{"embeddable":true,"href":"https:\/\/mundodocarnaval.com.br\/pt_br\/wp-json\/wp\/v2\/users\/1"}],"replies":[{"embeddable":true,"href":"https:\/\/mundodocarnaval.com.br\/pt_br\/wp-json\/wp\/v2\/comments?post=4572"}],"version-history":[{"count":1,"href":"https:\/\/mundodocarnaval.com.br\/pt_br\/wp-json\/wp\/v2\/posts\/4572\/revisions"}],"predecessor-version":[{"id":4574,"href":"https:\/\/mundodocarnaval.com.br\/pt_br\/wp-json\/wp\/v2\/posts\/4572\/revisions\/4574"}],"wp:featuredmedia":[{"embeddable":true,"href":"https:\/\/mundodocarnaval.com.br\/pt_br\/wp-json\/wp\/v2\/media\/4573"}],"wp:attachment":[{"href":"https:\/\/mundodocarnaval.com.br\/pt_br\/wp-json\/wp\/v2\/media?parent=4572"}],"wp:term":[{"taxonomy":"category","embeddable":true,"href":"https:\/\/mundodocarnaval.com.br\/pt_br\/wp-json\/wp\/v2\/categories?post=4572"},{"taxonomy":"post_tag","embeddable":true,"href":"https:\/\/mundodocarnaval.com.br\/pt_br\/wp-json\/wp\/v2\/tags?post=4572"}],"curies":[{"name":"wp","href":"https:\/\/api.w.org\/{rel}","templated":true}]}}