{"id":4575,"date":"2026-05-01T00:22:07","date_gmt":"2026-05-01T03:22:07","guid":{"rendered":"https:\/\/mundodocarnaval.com.br\/?p=4575"},"modified":"2026-05-01T00:22:08","modified_gmt":"2026-05-01T03:22:08","slug":"portela-renova-com-jan-oliveira-como-diretor-artistico","status":"publish","type":"post","link":"https:\/\/mundodocarnaval.com.br\/pt_br\/portela-renova-com-jan-oliveira-como-diretor-artistico\/","title":{"rendered":"Portela renova com Jan Oliveira como diretor art\u00edstico"},"content":{"rendered":"<p>Portela renova com Jan Oliveira como diretor art\u00edstico<\/p>\n<p>Artista dar\u00e1 continuidade ao trabalho \u00e0 frente dos shows e performances da escola no ciclo de 2027<\/p>\n<p>A Portela renovou com Jan Oliveira como diretor art\u00edstico para o Carnaval 2027. No projeto \u201cAo mestre, com carinho\u201d, desenvolvido pelo carnavalesco Paulo Barros, Jan seguir\u00e1 respons\u00e1vel pelos shows e pelas performances art\u00edsticas da escola.<\/p>\n<p>Entre 2023 e 2025, Jan atuou como core\u00f3grafo de alas e carros. Em 2026, assumiu a dire\u00e7\u00e3o art\u00edstica da agremia\u00e7\u00e3o, fun\u00e7\u00e3o que seguir\u00e1 exercendo no pr\u00f3ximo ciclo da azul e branco.<\/p>\n<p>Com passagem marcante pela Portela em 2015, Jan ficou conhecido pela interpreta\u00e7\u00e3o de Salvador Dal\u00ed, personagem condutor do enredo \u201cImaginaRIO, 450 janeiros de uma cidade surreal\u201d.<\/p>\n<p>&#8220;Como artista e portelense, fico feliz em dar continuidade a esse trabalho, exaltando e evoluindo a qualidade art\u00edstica da nossa escola. A Portela tem uma for\u00e7a c\u00eanica, emocional e popular muito grande. \u00c9 uma honra contribuir para que isso apare\u00e7a ainda mais no nosso carnaval&#8221;, afirmou.<\/p>\n<p>Para o Carnaval 2027, a Portela levar\u00e1 para a Avenida o enredo \u201cAo mestre, com carinho\u201d, assinado por Paulo Barros,  uma homenagem ao baluarte e compositor Monarco. A escola ser\u00e1 a primeira a desfilar na ter\u00e7a-feira de Carnaval.<\/p>\n","protected":false},"excerpt":{"rendered":"<p>Portela renova com Jan Oliveira como diretor art\u00edstico Artista dar\u00e1 continuidade ao trabalho \u00e0 frente dos shows e performances da escola no ciclo de 2027 A Portela renovou com Jan Oliveira como diretor art\u00edstico para o Carnaval 2027. No projeto \u201cAo mestre, com carinho\u201d, desenvolvido pelo carnavalesco Paulo Barros, Jan seguir\u00e1 respons\u00e1vel pelos shows e [&hellip;]<\/p>\n","protected":false},"author":1,"featured_media":4576,"comment_status":"closed","ping_status":"closed","sticky":false,"template":"","format":"standard","meta":{"footnotes":""},"categories":[12],"tags":[151,163,153,154,152],"class_list":["post-4575","post","type-post","status-publish","format-standard","has-post-thumbnail","hentry","category-grupo-especial","tag-carnaval","tag-grupo-especial","tag-mundo-do-carnaval","tag-rio-de-janeiro","tag-sapucai"],"_links":{"self":[{"href":"https:\/\/mundodocarnaval.com.br\/pt_br\/wp-json\/wp\/v2\/posts\/4575","targetHints":{"allow":["GET"]}}],"collection":[{"href":"https:\/\/mundodocarnaval.com.br\/pt_br\/wp-json\/wp\/v2\/posts"}],"about":[{"href":"https:\/\/mundodocarnaval.com.br\/pt_br\/wp-json\/wp\/v2\/types\/post"}],"author":[{"embeddable":true,"href":"https:\/\/mundodocarnaval.com.br\/pt_br\/wp-json\/wp\/v2\/users\/1"}],"replies":[{"embeddable":true,"href":"https:\/\/mundodocarnaval.com.br\/pt_br\/wp-json\/wp\/v2\/comments?post=4575"}],"version-history":[{"count":1,"href":"https:\/\/mundodocarnaval.com.br\/pt_br\/wp-json\/wp\/v2\/posts\/4575\/revisions"}],"predecessor-version":[{"id":4577,"href":"https:\/\/mundodocarnaval.com.br\/pt_br\/wp-json\/wp\/v2\/posts\/4575\/revisions\/4577"}],"wp:featuredmedia":[{"embeddable":true,"href":"https:\/\/mundodocarnaval.com.br\/pt_br\/wp-json\/wp\/v2\/media\/4576"}],"wp:attachment":[{"href":"https:\/\/mundodocarnaval.com.br\/pt_br\/wp-json\/wp\/v2\/media?parent=4575"}],"wp:term":[{"taxonomy":"category","embeddable":true,"href":"https:\/\/mundodocarnaval.com.br\/pt_br\/wp-json\/wp\/v2\/categories?post=4575"},{"taxonomy":"post_tag","embeddable":true,"href":"https:\/\/mundodocarnaval.com.br\/pt_br\/wp-json\/wp\/v2\/tags?post=4575"}],"curies":[{"name":"wp","href":"https:\/\/api.w.org\/{rel}","templated":true}]}}