{"id":4578,"date":"2026-05-01T00:34:05","date_gmt":"2026-05-01T03:34:05","guid":{"rendered":"https:\/\/mundodocarnaval.com.br\/?p=4578"},"modified":"2026-05-01T00:39:54","modified_gmt":"2026-05-01T03:39:54","slug":"tela-de-mensagens-luiz-melodia-sera-enredo-da-unidos-de-lucas","status":"publish","type":"post","link":"https:\/\/mundodocarnaval.com.br\/pt_br\/tela-de-mensagens-luiz-melodia-sera-enredo-da-unidos-de-lucas\/","title":{"rendered":"Luiz Melodia ser\u00e1 enredo da Unidos de Lucas"},"content":{"rendered":"<p>Luiz Melodia ser\u00e1 enredo da Unidos de Lucas para o carnaval de 2027<\/p>\n<p>A Unidos de Lucas anunciou o seu enredo para o carnaval de 2027. O galo de ouro da Leopoldina, que desfila pela S\u00e9rie Prata, levar\u00e1 para a Intendente Magalh\u00e3es \u201cBem no Compasso, O Galo Entoa A Mais Bela Melodia do Est\u00e1cio!\u201d, desenvolvido pelo carnavalesco Lucas Lopes e o enredista Paulo Neto.<\/p>\n<p>Em busca do campeonato e acesso \u00e0 S\u00e9rie Ouro, na Marqu\u00eas de Sapuca\u00ed, a escola prop\u00f5e mais que uma homenagem a um \u00edcone da m\u00fasica popular brasileira. O enredo tamb\u00e9m ser\u00e1 uma homenagem a comunidade do velho Est\u00e1cio, que celebrar\u00e1 o centen\u00e1rio em 2027.<\/p>\n<p>\u201cNa melodia do velho Est\u00e1cio, surge nosso Lu\u00eds. Com sua voz de p\u00e9rola negra, o negro Gato do S\u00e3o Carlos encanta com suas can\u00e7\u00f5es at\u00e9 hoje. Forjado pelo samba e demais ritmo de resist\u00eancia, Lu\u00eds Melodia desce o Ber\u00e7o do Samba e encontra nosso Galo da Leopoldina para encantar a avenida e entoar todo esse swing.\u201d Ressalta o carnavalesco revelando um pouco mais sobre o tema.<\/p>\n<p>O enredo ser\u00e1 lan\u00e7ado oficialmente no pr\u00f3ximo domingo, dia 3 de maio, em evento de celebra\u00e7\u00e3o aos 60 anos da escola.<\/p>\n","protected":false},"excerpt":{"rendered":"<p>Luiz Melodia ser\u00e1 enredo da Unidos de Lucas para o carnaval de 2027 A Unidos de Lucas anunciou o seu enredo para o carnaval de 2027. O galo de ouro da Leopoldina, que desfila pela S\u00e9rie Prata, levar\u00e1 para a Intendente Magalh\u00e3es \u201cBem no Compasso, O Galo Entoa A Mais Bela Melodia do Est\u00e1cio!\u201d, desenvolvido [&hellip;]<\/p>\n","protected":false},"author":1,"featured_media":4579,"comment_status":"closed","ping_status":"closed","sticky":false,"template":"","format":"standard","meta":{"footnotes":""},"categories":[14],"tags":[151,155,154,159],"class_list":["post-4578","post","type-post","status-publish","format-standard","has-post-thumbnail","hentry","category-gadgets","tag-carnaval","tag-intendente-magalhaes","tag-rio-de-janeiro","tag-samba"],"_links":{"self":[{"href":"https:\/\/mundodocarnaval.com.br\/pt_br\/wp-json\/wp\/v2\/posts\/4578","targetHints":{"allow":["GET"]}}],"collection":[{"href":"https:\/\/mundodocarnaval.com.br\/pt_br\/wp-json\/wp\/v2\/posts"}],"about":[{"href":"https:\/\/mundodocarnaval.com.br\/pt_br\/wp-json\/wp\/v2\/types\/post"}],"author":[{"embeddable":true,"href":"https:\/\/mundodocarnaval.com.br\/pt_br\/wp-json\/wp\/v2\/users\/1"}],"replies":[{"embeddable":true,"href":"https:\/\/mundodocarnaval.com.br\/pt_br\/wp-json\/wp\/v2\/comments?post=4578"}],"version-history":[{"count":2,"href":"https:\/\/mundodocarnaval.com.br\/pt_br\/wp-json\/wp\/v2\/posts\/4578\/revisions"}],"predecessor-version":[{"id":4582,"href":"https:\/\/mundodocarnaval.com.br\/pt_br\/wp-json\/wp\/v2\/posts\/4578\/revisions\/4582"}],"wp:featuredmedia":[{"embeddable":true,"href":"https:\/\/mundodocarnaval.com.br\/pt_br\/wp-json\/wp\/v2\/media\/4579"}],"wp:attachment":[{"href":"https:\/\/mundodocarnaval.com.br\/pt_br\/wp-json\/wp\/v2\/media?parent=4578"}],"wp:term":[{"taxonomy":"category","embeddable":true,"href":"https:\/\/mundodocarnaval.com.br\/pt_br\/wp-json\/wp\/v2\/categories?post=4578"},{"taxonomy":"post_tag","embeddable":true,"href":"https:\/\/mundodocarnaval.com.br\/pt_br\/wp-json\/wp\/v2\/tags?post=4578"}],"curies":[{"name":"wp","href":"https:\/\/api.w.org\/{rel}","templated":true}]}}