{"id":4583,"date":"2026-05-01T00:44:32","date_gmt":"2026-05-01T03:44:32","guid":{"rendered":"https:\/\/mundodocarnaval.com.br\/?p=4583"},"modified":"2026-05-01T00:44:33","modified_gmt":"2026-05-01T03:44:33","slug":"nota-oficial-saida-annik-salmon","status":"publish","type":"post","link":"https:\/\/mundodocarnaval.com.br\/pt_br\/nota-oficial-saida-annik-salmon\/","title":{"rendered":"NOTA OFICIAL &#8211; Sa\u00edda Annik Salmon"},"content":{"rendered":"<p>A Unidos de Padre Miguel informa que a carnavalesca Annik Salmon, que estava \u00e0 frente do desenvolvimento do projeto art\u00edstico para o Carnaval de 2027, optou por n\u00e3o seguir com a agremia\u00e7\u00e3o por quest\u00f5es pessoais.<\/p>\n<p>A escola agradece pela dedica\u00e7\u00e3o, profissionalismo e pelo per\u00edodo de trabalho em que esteve conosco, desejando sucesso em seus pr\u00f3ximos desafios.<\/p>\n<p>Em breve, a Unidos de Padre Miguel divulgar\u00e1 os pr\u00f3ximos passos para a constru\u00e7\u00e3o do seu Carnaval 2027.<\/p>\n","protected":false},"excerpt":{"rendered":"<p>A Unidos de Padre Miguel informa que a carnavalesca Annik Salmon, que estava \u00e0 frente do desenvolvimento do projeto art\u00edstico para o Carnaval de 2027, optou por n\u00e3o seguir com a agremia\u00e7\u00e3o por quest\u00f5es pessoais. A escola agradece pela dedica\u00e7\u00e3o, profissionalismo e pelo per\u00edodo de trabalho em que esteve conosco, desejando sucesso em seus pr\u00f3ximos [&hellip;]<\/p>\n","protected":false},"author":1,"featured_media":0,"comment_status":"closed","ping_status":"closed","sticky":false,"template":"","format":"standard","meta":{"footnotes":""},"categories":[13],"tags":[151,153,154,152],"class_list":["post-4583","post","type-post","status-publish","format-standard","hentry","category-fashion","tag-carnaval","tag-mundo-do-carnaval","tag-rio-de-janeiro","tag-sapucai"],"_links":{"self":[{"href":"https:\/\/mundodocarnaval.com.br\/pt_br\/wp-json\/wp\/v2\/posts\/4583","targetHints":{"allow":["GET"]}}],"collection":[{"href":"https:\/\/mundodocarnaval.com.br\/pt_br\/wp-json\/wp\/v2\/posts"}],"about":[{"href":"https:\/\/mundodocarnaval.com.br\/pt_br\/wp-json\/wp\/v2\/types\/post"}],"author":[{"embeddable":true,"href":"https:\/\/mundodocarnaval.com.br\/pt_br\/wp-json\/wp\/v2\/users\/1"}],"replies":[{"embeddable":true,"href":"https:\/\/mundodocarnaval.com.br\/pt_br\/wp-json\/wp\/v2\/comments?post=4583"}],"version-history":[{"count":1,"href":"https:\/\/mundodocarnaval.com.br\/pt_br\/wp-json\/wp\/v2\/posts\/4583\/revisions"}],"predecessor-version":[{"id":4584,"href":"https:\/\/mundodocarnaval.com.br\/pt_br\/wp-json\/wp\/v2\/posts\/4583\/revisions\/4584"}],"wp:attachment":[{"href":"https:\/\/mundodocarnaval.com.br\/pt_br\/wp-json\/wp\/v2\/media?parent=4583"}],"wp:term":[{"taxonomy":"category","embeddable":true,"href":"https:\/\/mundodocarnaval.com.br\/pt_br\/wp-json\/wp\/v2\/categories?post=4583"},{"taxonomy":"post_tag","embeddable":true,"href":"https:\/\/mundodocarnaval.com.br\/pt_br\/wp-json\/wp\/v2\/tags?post=4583"}],"curies":[{"name":"wp","href":"https:\/\/api.w.org\/{rel}","templated":true}]}}