{"id":4585,"date":"2026-05-01T00:54:55","date_gmt":"2026-05-01T03:54:55","guid":{"rendered":"https:\/\/mundodocarnaval.com.br\/?p=4585"},"modified":"2026-05-01T00:54:55","modified_gmt":"2026-05-01T03:54:55","slug":"uniao-do-parque-acari-confirma-diego-dantas","status":"publish","type":"post","link":"https:\/\/mundodocarnaval.com.br\/pt_br\/uniao-do-parque-acari-confirma-diego-dantas\/","title":{"rendered":"Uni\u00e3o do Parque Acari confirma Diego Dantas"},"content":{"rendered":"<p>Uni\u00e3o do Parque Acari confirma Diego Dantas como core\u00f3grafo de alas para o Carnaval 2027<\/p>\n<p>A Uni\u00e3o do Parque Acari segue avan\u00e7ando na montagem de sua equipe para o Carnaval 2027 e anunciou a perman\u00eancia de Diego Dantas como core\u00f3grafo de alas. O profissional continuar\u00e1 \u00e0 frente das alas coreografadas da agremia\u00e7\u00e3o pelo terceiro ano consecutivo, ap\u00f3s o destaque de seus trabalhos nos \u00faltimos desfiles.<\/p>\n<p>A renova\u00e7\u00e3o foi divulgada por meio das redes sociais da escola e refor\u00e7a a aposta na continuidade de um trabalho que tem contribu\u00eddo para o desempenho da agremia\u00e7\u00e3o na avenida.<\/p>\n<p>Com uma trajet\u00f3ria consolidada nas artes, Diego Dantas \u00e9 bailarino, professor, gestor cultural e curador. Licenciado e especialista em Dan\u00e7a pela Faculdade Angel Vianna, ele tamb\u00e9m atua como diretor art\u00edstico do Centro Coreogr\u00e1fico da Cidade do Rio de Janeiro e desenvolve projetos no carnaval desde 2020, com passagens por diferentes grupos, incluindo S\u00e9rie Prata, S\u00e9rie Ouro e Grupo Especial.<\/p>\n<p>No cen\u00e1rio internacional, o core\u00f3grafo tamb\u00e9m acumula experi\u00eancias relevantes. Em 2025, participou da Bienal de Dan\u00e7a de Lyon, na Fran\u00e7a, assinando o bloco de encerramento do desfile de abertura. Sua atua\u00e7\u00e3o \u00e9 marcada pelo fortalecimento das dan\u00e7as afro-diasp\u00f3ricas e pela cria\u00e7\u00e3o de redes colaborativas, com iniciativas voltadas \u00e0 valoriza\u00e7\u00e3o de artistas negros e \u00e0 difus\u00e3o cultural.<\/p>\n<p>Para o Carnaval 2027, a Uni\u00e3o do Parque Acari se prepara para seu quarto desfile na Marqu\u00eas de Sapuca\u00ed, onde ser\u00e1 respons\u00e1vel por encerrar os desfiles da S\u00e9rie Ouro da Liga RJ. A continuidade de Diego Dantas na equipe refor\u00e7a o planejamento da escola em manter um padr\u00e3o t\u00e9cnico e art\u00edstico elevado na avenida.<\/p>\n","protected":false},"excerpt":{"rendered":"<p>Uni\u00e3o do Parque Acari confirma Diego Dantas como core\u00f3grafo de alas para o Carnaval 2027 A Uni\u00e3o do Parque Acari segue avan\u00e7ando na montagem de sua equipe para o Carnaval 2027 e anunciou a perman\u00eancia de Diego Dantas como core\u00f3grafo de alas. O profissional continuar\u00e1 \u00e0 frente das alas coreografadas da agremia\u00e7\u00e3o pelo terceiro ano [&hellip;]<\/p>\n","protected":false},"author":1,"featured_media":4586,"comment_status":"closed","ping_status":"closed","sticky":false,"template":"","format":"standard","meta":{"footnotes":""},"categories":[13],"tags":[],"class_list":["post-4585","post","type-post","status-publish","format-standard","has-post-thumbnail","hentry","category-fashion"],"_links":{"self":[{"href":"https:\/\/mundodocarnaval.com.br\/pt_br\/wp-json\/wp\/v2\/posts\/4585","targetHints":{"allow":["GET"]}}],"collection":[{"href":"https:\/\/mundodocarnaval.com.br\/pt_br\/wp-json\/wp\/v2\/posts"}],"about":[{"href":"https:\/\/mundodocarnaval.com.br\/pt_br\/wp-json\/wp\/v2\/types\/post"}],"author":[{"embeddable":true,"href":"https:\/\/mundodocarnaval.com.br\/pt_br\/wp-json\/wp\/v2\/users\/1"}],"replies":[{"embeddable":true,"href":"https:\/\/mundodocarnaval.com.br\/pt_br\/wp-json\/wp\/v2\/comments?post=4585"}],"version-history":[{"count":1,"href":"https:\/\/mundodocarnaval.com.br\/pt_br\/wp-json\/wp\/v2\/posts\/4585\/revisions"}],"predecessor-version":[{"id":4587,"href":"https:\/\/mundodocarnaval.com.br\/pt_br\/wp-json\/wp\/v2\/posts\/4585\/revisions\/4587"}],"wp:featuredmedia":[{"embeddable":true,"href":"https:\/\/mundodocarnaval.com.br\/pt_br\/wp-json\/wp\/v2\/media\/4586"}],"wp:attachment":[{"href":"https:\/\/mundodocarnaval.com.br\/pt_br\/wp-json\/wp\/v2\/media?parent=4585"}],"wp:term":[{"taxonomy":"category","embeddable":true,"href":"https:\/\/mundodocarnaval.com.br\/pt_br\/wp-json\/wp\/v2\/categories?post=4585"},{"taxonomy":"post_tag","embeddable":true,"href":"https:\/\/mundodocarnaval.com.br\/pt_br\/wp-json\/wp\/v2\/tags?post=4585"}],"curies":[{"name":"wp","href":"https:\/\/api.w.org\/{rel}","templated":true}]}}