{"id":4588,"date":"2026-05-01T01:06:10","date_gmt":"2026-05-01T04:06:10","guid":{"rendered":"https:\/\/mundodocarnaval.com.br\/?p=4588"},"modified":"2026-05-01T01:06:10","modified_gmt":"2026-05-01T04:06:10","slug":"a-uniao-de-marica-anunciou-nesta-quinta-feira-30-os-nomes-de-fabianne-lopa-e-daniel-ferreira","status":"publish","type":"post","link":"https:\/\/mundodocarnaval.com.br\/pt_br\/a-uniao-de-marica-anunciou-nesta-quinta-feira-30-os-nomes-de-fabianne-lopa-e-daniel-ferreira\/","title":{"rendered":"A Uni\u00e3o de Maric\u00e1 anunciou nesta quinta-feira (30) os nomes de Fabianne Lopa e Daniel Ferreira"},"content":{"rendered":"<p>A Uni\u00e3o de Maric\u00e1 anunciou nesta quinta-feira (30) os nomes de Fabianne Lopa e Daniel Ferreira como respons\u00e1veis pelo setor coreogr\u00e1fico da escola para o Carnaval 2027<\/p>\n<p>A dupla atuar\u00e1 diretamente na constru\u00e7\u00e3o das alas e alegorias, refor\u00e7ando o desenvolvimento art\u00edstico do desfile em um momento importante da agremia\u00e7\u00e3o<\/p>\n<p>Fabianne Lopa construiu sua rela\u00e7\u00e3o com o samba desde a inf\u00e2ncia, quando come\u00e7ou a desfilar ao lado dos pais, desenvolvendo uma conex\u00e3o natural com o universo carnavalesco. Professora de gafieira, atua h\u00e1 quase duas d\u00e9cadas na dan\u00e7a de sal\u00e3o, com forma\u00e7\u00e3o em diferentes escolas que contribu\u00edram para o seu aprimoramento t\u00e9cnico e art\u00edstico. Ao longo da carreira, tamb\u00e9m acumulou experi\u00eancia na produ\u00e7\u00e3o de eventos, ampliando seu olhar para a constru\u00e7\u00e3o est\u00e9tica e organizacional de espet\u00e1culos.<\/p>\n<p>Seu retorno aos desfiles aconteceu em 2024, no Maculel\u00ea do Salgueiro, onde passou a vivenciar intensamente os bastidores do carnaval e ganhou destaque em pouco tempo. Ainda no primeiro ano, integrou o grupo show, tornou-se representante assistente de Carlinhos Salgueiro e, posteriormente, diretora de ala, consolidando sua atua\u00e7\u00e3o dentro da escola. Foi a partir dessa trajet\u00f3ria que chegou \u00e0 Uni\u00e3o de Maric\u00e1, trazendo experi\u00eancia e um olhar comprometido com a constru\u00e7\u00e3o art\u00edstica do desfile.<\/p>\n<p>\u201cEstar na Uni\u00e3o de Maric\u00e1 \u00e9 mais do que uma conquista, \u00e9 uma resposta. Fazer parte de uma escola t\u00e3o forte, determinada e em plena ascens\u00e3o \u00e9 um orgulho. Ser escolhida para integrar esse time representa muito mais do que uma oportunidade, \u00e9 o reconhecimento de uma trajet\u00f3ria constru\u00edda com amor e entrega. Sou profundamente grata pela confian\u00e7a depositada em mim e sigo honrando esse espa\u00e7o com dedica\u00e7\u00e3o, responsabilidade e, acima de tudo, muito amor pelo que fa\u00e7o\u201d, destacou Fabianne.<\/p>\n<p>Ao seu lado, Daniel Ferreira, de 29 anos, tamb\u00e9m construiu sua trajet\u00f3ria na dan\u00e7a e no samba desde cedo, iniciando sua viv\u00eancia como sambista aos 12 anos, quando desfilou pela primeira vez em uma escola. Em 2021, encontrou no Maculel\u00ea um marco importante em sua carreira art\u00edstica, atuando sob a orienta\u00e7\u00e3o de Carlinhos Salgueiro. Assim como Fabianne, foi diretor de ala no Salgueiro e a sua liga\u00e7\u00e3o com a Uni\u00e3o de Maric\u00e1 surgiu a partir de uma parceria entre a ala e a escola, o que resultou em seu convite para integrar a equipe visando o Carnaval 2027.<\/p>\n<p>\u201cChegar \u00e0 escola neste momento de ascens\u00e3o ao Grupo Especial \u00e9 um desafio que recebo com muita responsabilidade e gana de vencer. Vamos trabalhar intensamente para honrar o pavilh\u00e3o e retribuir a confian\u00e7a da comunidade. O trabalho j\u00e1 come\u00e7ou\u201d, afirmou Daniel.<\/p>\n<p>Em 2027, a Uni\u00e3o de Maric\u00e1 ser\u00e1 a primeira escola a desfilar, abrindo o Grupo Especial no dia 7 de fevereiro, na Marqu\u00eas de Sapuca\u00ed.<\/p>\n<p>Fotos: Ney Junior\/Uni\u00e3o de Maric\u00e1<\/p>\n","protected":false},"excerpt":{"rendered":"<p>A Uni\u00e3o de Maric\u00e1 anunciou nesta quinta-feira (30) os nomes de Fabianne Lopa e Daniel Ferreira como respons\u00e1veis pelo setor coreogr\u00e1fico da escola para o Carnaval 2027 A dupla atuar\u00e1 diretamente na constru\u00e7\u00e3o das alas e alegorias, refor\u00e7ando o desenvolvimento art\u00edstico do desfile em um momento importante da agremia\u00e7\u00e3o Fabianne Lopa construiu sua rela\u00e7\u00e3o com [&hellip;]<\/p>\n","protected":false},"author":1,"featured_media":4589,"comment_status":"closed","ping_status":"closed","sticky":false,"template":"","format":"standard","meta":{"footnotes":""},"categories":[12],"tags":[151,163,153,154,159,152],"class_list":["post-4588","post","type-post","status-publish","format-standard","has-post-thumbnail","hentry","category-grupo-especial","tag-carnaval","tag-grupo-especial","tag-mundo-do-carnaval","tag-rio-de-janeiro","tag-samba","tag-sapucai"],"_links":{"self":[{"href":"https:\/\/mundodocarnaval.com.br\/pt_br\/wp-json\/wp\/v2\/posts\/4588","targetHints":{"allow":["GET"]}}],"collection":[{"href":"https:\/\/mundodocarnaval.com.br\/pt_br\/wp-json\/wp\/v2\/posts"}],"about":[{"href":"https:\/\/mundodocarnaval.com.br\/pt_br\/wp-json\/wp\/v2\/types\/post"}],"author":[{"embeddable":true,"href":"https:\/\/mundodocarnaval.com.br\/pt_br\/wp-json\/wp\/v2\/users\/1"}],"replies":[{"embeddable":true,"href":"https:\/\/mundodocarnaval.com.br\/pt_br\/wp-json\/wp\/v2\/comments?post=4588"}],"version-history":[{"count":1,"href":"https:\/\/mundodocarnaval.com.br\/pt_br\/wp-json\/wp\/v2\/posts\/4588\/revisions"}],"predecessor-version":[{"id":4590,"href":"https:\/\/mundodocarnaval.com.br\/pt_br\/wp-json\/wp\/v2\/posts\/4588\/revisions\/4590"}],"wp:featuredmedia":[{"embeddable":true,"href":"https:\/\/mundodocarnaval.com.br\/pt_br\/wp-json\/wp\/v2\/media\/4589"}],"wp:attachment":[{"href":"https:\/\/mundodocarnaval.com.br\/pt_br\/wp-json\/wp\/v2\/media?parent=4588"}],"wp:term":[{"taxonomy":"category","embeddable":true,"href":"https:\/\/mundodocarnaval.com.br\/pt_br\/wp-json\/wp\/v2\/categories?post=4588"},{"taxonomy":"post_tag","embeddable":true,"href":"https:\/\/mundodocarnaval.com.br\/pt_br\/wp-json\/wp\/v2\/tags?post=4588"}],"curies":[{"name":"wp","href":"https:\/\/api.w.org\/{rel}","templated":true}]}}