{"id":4591,"date":"2026-05-01T01:34:53","date_gmt":"2026-05-01T04:34:53","guid":{"rendered":"https:\/\/mundodocarnaval.com.br\/?p=4591"},"modified":"2026-05-01T01:34:53","modified_gmt":"2026-05-01T04:34:53","slug":"uniao-do-parque-acari-mantem-catia-cabral-como-coreografa","status":"publish","type":"post","link":"https:\/\/mundodocarnaval.com.br\/pt_br\/uniao-do-parque-acari-mantem-catia-cabral-como-coreografa\/","title":{"rendered":"Uni\u00e3o do Parque Acari mant\u00e9m C\u00e1tia Cabral como core\u00f3grafa"},"content":{"rendered":"<p>Uni\u00e3o do Parque Acari mant\u00e9m C\u00e1tia Cabral como core\u00f3grafa do primeiro casal para o Carnaval 2027<\/p>\n<p>A Uni\u00e3o do Parque Acari segue estruturando seus segmentos para o Carnaval 2027 e confirmou a perman\u00eancia de C\u00e1tia Cabral como core\u00f3grafa do primeiro casal de mestre-sala e porta-bandeira. A profissional continuar\u00e1 \u00e0 frente da fun\u00e7\u00e3o pelo terceiro ano consecutivo, refor\u00e7ando a confian\u00e7a da agremia\u00e7\u00e3o em sua experi\u00eancia e trajet\u00f3ria no segmento.<\/p>\n<p>Com forma\u00e7\u00e3o em Educa\u00e7\u00e3o F\u00edsica pela Universidade Estadual do Rio de Janeiro (UERJ) e p\u00f3s-gradua\u00e7\u00e3o em Prepara\u00e7\u00e3o Corporal pela Faculdade Angel Vianna, C\u00e1tia construiu uma carreira s\u00f3lida nas artes do movimento. Bailarina e core\u00f3grafa, tamb\u00e9m atua como instrutora de pilates, preparadora corporal e diretora de movimento, acumulando experi\u00eancias na dan\u00e7a, no teatro e na televis\u00e3o.<\/p>\n<p>Ao longo de sua trajet\u00f3ria, integrou por sete anos a Cia de Dan\u00e7a CCC, grupo que tinha o samba como base de cria\u00e7\u00e3o, al\u00e9m de participar de apresenta\u00e7\u00f5es com nomes consagrados da m\u00fasica brasileira, como Beth Carvalho e Arlindo Cruz. Tamb\u00e9m esteve no elenco do musical Sambra \u2013 100 Anos de Samba, protagonizado por Diogo Nogueira.<\/p>\n<p>No carnaval, sua atua\u00e7\u00e3o inclui passagens por comiss\u00f5es de frente, trabalho como bailarina e assist\u00eancia de coreografia em alas e alegorias, al\u00e9m da experi\u00eancia como jurada do quesito mestre-sala e porta-bandeira nos desfiles da Intendente Magalh\u00e3es. Nos \u00faltimos anos, tem se dedicado especialmente \u00e0 prepara\u00e7\u00e3o de casais, consolidando reconhecimento na \u00e1rea.<\/p>\n<p>Integrante da S\u00e9rie Ouro da LIGA RJ, a Uni\u00e3o do Parque Acari se prepara para mais um desfile na Marqu\u00eas de Sapuca\u00ed em 2027, quando ser\u00e1 a respons\u00e1vel por encerrar as apresenta\u00e7\u00f5es do grupo. A continuidade de C\u00e1tia Cabral refor\u00e7a o compromisso da escola com a excel\u00eancia t\u00e9cnica em um dos quesitos mais tradicionais do carnaval.<\/p>\n","protected":false},"excerpt":{"rendered":"<p>Uni\u00e3o do Parque Acari mant\u00e9m C\u00e1tia Cabral como core\u00f3grafa do primeiro casal para o Carnaval 2027 A Uni\u00e3o do Parque Acari segue estruturando seus segmentos para o Carnaval 2027 e confirmou a perman\u00eancia de C\u00e1tia Cabral como core\u00f3grafa do primeiro casal de mestre-sala e porta-bandeira. A profissional continuar\u00e1 \u00e0 frente da fun\u00e7\u00e3o pelo terceiro ano [&hellip;]<\/p>\n","protected":false},"author":1,"featured_media":4592,"comment_status":"closed","ping_status":"closed","sticky":false,"template":"","format":"standard","meta":{"footnotes":""},"categories":[13],"tags":[151,153,154,159,152],"class_list":["post-4591","post","type-post","status-publish","format-standard","has-post-thumbnail","hentry","category-fashion","tag-carnaval","tag-mundo-do-carnaval","tag-rio-de-janeiro","tag-samba","tag-sapucai"],"_links":{"self":[{"href":"https:\/\/mundodocarnaval.com.br\/pt_br\/wp-json\/wp\/v2\/posts\/4591","targetHints":{"allow":["GET"]}}],"collection":[{"href":"https:\/\/mundodocarnaval.com.br\/pt_br\/wp-json\/wp\/v2\/posts"}],"about":[{"href":"https:\/\/mundodocarnaval.com.br\/pt_br\/wp-json\/wp\/v2\/types\/post"}],"author":[{"embeddable":true,"href":"https:\/\/mundodocarnaval.com.br\/pt_br\/wp-json\/wp\/v2\/users\/1"}],"replies":[{"embeddable":true,"href":"https:\/\/mundodocarnaval.com.br\/pt_br\/wp-json\/wp\/v2\/comments?post=4591"}],"version-history":[{"count":1,"href":"https:\/\/mundodocarnaval.com.br\/pt_br\/wp-json\/wp\/v2\/posts\/4591\/revisions"}],"predecessor-version":[{"id":4593,"href":"https:\/\/mundodocarnaval.com.br\/pt_br\/wp-json\/wp\/v2\/posts\/4591\/revisions\/4593"}],"wp:featuredmedia":[{"embeddable":true,"href":"https:\/\/mundodocarnaval.com.br\/pt_br\/wp-json\/wp\/v2\/media\/4592"}],"wp:attachment":[{"href":"https:\/\/mundodocarnaval.com.br\/pt_br\/wp-json\/wp\/v2\/media?parent=4591"}],"wp:term":[{"taxonomy":"category","embeddable":true,"href":"https:\/\/mundodocarnaval.com.br\/pt_br\/wp-json\/wp\/v2\/categories?post=4591"},{"taxonomy":"post_tag","embeddable":true,"href":"https:\/\/mundodocarnaval.com.br\/pt_br\/wp-json\/wp\/v2\/tags?post=4591"}],"curies":[{"name":"wp","href":"https:\/\/api.w.org\/{rel}","templated":true}]}}