{"id":4989,"date":"2026-08-31T17:21:12","date_gmt":"2026-08-31T20:21:12","guid":{"rendered":"https:\/\/mundodocarnaval.com.br\/?p=4989"},"modified":"2026-08-31T17:21:12","modified_gmt":"2026-08-31T20:21:12","slug":"gabi-mendes-e-coroada-rainha-de-bateria-da-mocidade","status":"publish","type":"post","link":"https:\/\/mundodocarnaval.com.br\/pt_br\/gabi-mendes-e-coroada-rainha-de-bateria-da-mocidade\/","title":{"rendered":"Gabi Mendes \u00e9 coroada rainha de bateria da Mocidade"},"content":{"rendered":"<p>\u00c9 REAL! Gabi Mendes \u00e9 coroada rainha de bateria da Mocidade em noite de surpresa e emo\u00e7\u00e3o na quadra<\/p>\n<p>Artista recebe a faixa e a coroa durante a semifinal de samba-enredo e passa a reinar \u00e0 frente da bateria N\u00e3o Existe Mais Quente no Carnaval 2027<\/p>\n<p>\u00c9 oficial: Gabi Mendes \u00e9 a nova rainha de bateria da Mocidade Independente de Padre Miguel. O que at\u00e9 ent\u00e3o era expectativa se transformou em realidade na noite deste s\u00e1bado (29), quando a escola preparou uma grande surpresa para a artista durante a semifinal do concurso de samba-enredo e anunciou, diante da comunidade e do p\u00fablico presente na quadra, a nova majestade da verde e branca.<\/p>\n<p>Sem saber que seria coroada, Gabi Mendes foi surpreendida pela Mocidade em um dos momentos mais emocionantes da noite. Em meio \u00e0 festa da semifinal, a artista recebeu a faixa e a coroa, oficializando sua chegada ao posto de rainha de bateria da N\u00e3o Existe Mais Quente, comandada pelo Mestre Dudu.<\/p>\n<p>A coroa\u00e7\u00e3o transformou a noite de disputa de samba-enredo em uma grande celebra\u00e7\u00e3o. Entre aplausos, emo\u00e7\u00e3o e festa, Gabi foi recebida pela comunidade de Padre Miguel e passa a escrever um novo cap\u00edtulo de sua trajet\u00f3ria junto \u00e0 Estrela Guia.<\/p>\n<p>A nova rainha chega \u00e0 Mocidade para o Carnaval 2027, ano em que a escola levar\u00e1 para a Marqu\u00eas de Sapuca\u00ed o enredo \u201cLatinamente Independente \u2013 Nosso Norte \u00e9 o Sul em Remanifesto\u201d, celebrando a identidade e a for\u00e7a dos povos latino-americanos.<\/p>\n","protected":false},"excerpt":{"rendered":"<p>\u00c9 REAL! Gabi Mendes \u00e9 coroada rainha de bateria da Mocidade em noite de surpresa e emo\u00e7\u00e3o na quadra Artista recebe a faixa e a coroa durante a semifinal de samba-enredo e passa a reinar \u00e0 frente da bateria N\u00e3o Existe Mais Quente no Carnaval 2027 \u00c9 oficial: Gabi Mendes \u00e9 a nova rainha de [&hellip;]<\/p>\n","protected":false},"author":1,"featured_media":4990,"comment_status":"closed","ping_status":"closed","sticky":false,"template":"","format":"standard","meta":{"footnotes":""},"categories":[12],"tags":[151,153,154,159],"class_list":["post-4989","post","type-post","status-publish","format-standard","has-post-thumbnail","hentry","category-grupo-especial","tag-carnaval","tag-mundo-do-carnaval","tag-rio-de-janeiro","tag-samba"],"_links":{"self":[{"href":"https:\/\/mundodocarnaval.com.br\/pt_br\/wp-json\/wp\/v2\/posts\/4989","targetHints":{"allow":["GET"]}}],"collection":[{"href":"https:\/\/mundodocarnaval.com.br\/pt_br\/wp-json\/wp\/v2\/posts"}],"about":[{"href":"https:\/\/mundodocarnaval.com.br\/pt_br\/wp-json\/wp\/v2\/types\/post"}],"author":[{"embeddable":true,"href":"https:\/\/mundodocarnaval.com.br\/pt_br\/wp-json\/wp\/v2\/users\/1"}],"replies":[{"embeddable":true,"href":"https:\/\/mundodocarnaval.com.br\/pt_br\/wp-json\/wp\/v2\/comments?post=4989"}],"version-history":[{"count":1,"href":"https:\/\/mundodocarnaval.com.br\/pt_br\/wp-json\/wp\/v2\/posts\/4989\/revisions"}],"predecessor-version":[{"id":4991,"href":"https:\/\/mundodocarnaval.com.br\/pt_br\/wp-json\/wp\/v2\/posts\/4989\/revisions\/4991"}],"wp:featuredmedia":[{"embeddable":true,"href":"https:\/\/mundodocarnaval.com.br\/pt_br\/wp-json\/wp\/v2\/media\/4990"}],"wp:attachment":[{"href":"https:\/\/mundodocarnaval.com.br\/pt_br\/wp-json\/wp\/v2\/media?parent=4989"}],"wp:term":[{"taxonomy":"category","embeddable":true,"href":"https:\/\/mundodocarnaval.com.br\/pt_br\/wp-json\/wp\/v2\/categories?post=4989"},{"taxonomy":"post_tag","embeddable":true,"href":"https:\/\/mundodocarnaval.com.br\/pt_br\/wp-json\/wp\/v2\/tags?post=4989"}],"curies":[{"name":"wp","href":"https:\/\/api.w.org\/{rel}","templated":true}]}}