{"id":4992,"date":"2026-08-31T23:18:40","date_gmt":"2026-09-01T02:18:40","guid":{"rendered":"https:\/\/mundodocarnaval.com.br\/?p=4992"},"modified":"2026-08-31T23:18:40","modified_gmt":"2026-09-01T02:18:40","slug":"imperio-da-penha-realiza-grande-final-de-samba-enredo","status":"publish","type":"post","link":"https:\/\/mundodocarnaval.com.br\/pt_br\/imperio-da-penha-realiza-grande-final-de-samba-enredo\/","title":{"rendered":"Imp\u00e9rio da Penha realiza grande final de samba-enredo"},"content":{"rendered":"<p>Imp\u00e9rio da Penha realiza grande final de samba-enredo com homenagem \u00e0 Leopoldina neste s\u00e1bado, 05<\/p>\n<p>O Imp\u00e9rio da Penha j\u00e1 tem data marcada para conhecer o samba-enredo que ir\u00e1 embalar a escola no Carnaval 2027. No dia 5 de setembro, a partir das 15h, a agremia\u00e7\u00e3o promove, em sua quadra, a grande final da disputa de samba-enredo, em uma tarde especial que reunir\u00e1 a comunidade e celebrar\u00e1 a hist\u00f3ria do samba na regi\u00e3o da Leopoldina.<\/p>\n<p>A disputa contar\u00e1 com tr\u00eas sambas finalistas, que ser\u00e3o apresentados ao p\u00fablico e \u00e0 comunidade do Imp\u00e9rio da Penha. As obras concorrentes s\u00e3o assinadas pelas seguintes parcerias:<\/p>\n<p>SAMBA 01 &#8211; Ney Mesquita, Anselmo Ramos e Julio Paulista<\/p>\n<p>SAMBA 02 &#8211; Renan Akim, Juan Ramalho e Lu\u00eds Batista<\/p>\n<p>SAMBA 03 &#8211; Professora Tania, Liane Harmonia, Celso Queiroz, Karina Cigarra, Arthur Gabriel, Ricardo Ferreira e Haru Oliveira<\/p>\n<p>Al\u00e9m da escolha do samba-enredo que representar\u00e1 a escola no pr\u00f3ximo Carnaval, o evento ser\u00e1 marcado por uma programa\u00e7\u00e3o especial em homenagem ao samba da Leopoldina, reunindo refer\u00eancias e celebra\u00e7\u00f5es \u00e0 tradi\u00e7\u00e3o das escolas e agremia\u00e7\u00f5es que ajudaram a construir a hist\u00f3ria cultural da regi\u00e3o.<\/p>\n<p>A Grande Final de Samba-Enredo Imp\u00e9rio da Penha 2027 acontece na Quadra da Escola, localizada na Avenida Br\u00e1s de Pina, 135, Penha, esquina com a Avenida Brasil, em frente ao BRT Lobo J\u00fanior.<\/p>\n<p>SERVI\u00c7O<br \/>\nGrande Final de Samba-Enredo \u2013 Imp\u00e9rio da Penha 2027<br \/>\n05 de setembro &#8211; 15h<br \/>\nQuadra do G.R.E.S. Imp\u00e9rio da Penha<br \/>\nAvenida Br\u00e1s de Pina, 135 \u2013 Penha &#8211; Esquina com a Avenida Brasil, em frente ao BRT Lobo J\u00fanior<\/p>\n<p>Fotos: Divulga\u00e7\u00e3o <\/p>\n","protected":false},"excerpt":{"rendered":"<p>Imp\u00e9rio da Penha realiza grande final de samba-enredo com homenagem \u00e0 Leopoldina neste s\u00e1bado, 05 O Imp\u00e9rio da Penha j\u00e1 tem data marcada para conhecer o samba-enredo que ir\u00e1 embalar a escola no Carnaval 2027. No dia 5 de setembro, a partir das 15h, a agremia\u00e7\u00e3o promove, em sua quadra, a grande final da disputa [&hellip;]<\/p>\n","protected":false},"author":1,"featured_media":4993,"comment_status":"closed","ping_status":"closed","sticky":false,"template":"","format":"standard","meta":{"footnotes":""},"categories":[14],"tags":[151,155,153,154],"class_list":["post-4992","post","type-post","status-publish","format-standard","has-post-thumbnail","hentry","category-gadgets","tag-carnaval","tag-intendente-magalhaes","tag-mundo-do-carnaval","tag-rio-de-janeiro"],"_links":{"self":[{"href":"https:\/\/mundodocarnaval.com.br\/pt_br\/wp-json\/wp\/v2\/posts\/4992","targetHints":{"allow":["GET"]}}],"collection":[{"href":"https:\/\/mundodocarnaval.com.br\/pt_br\/wp-json\/wp\/v2\/posts"}],"about":[{"href":"https:\/\/mundodocarnaval.com.br\/pt_br\/wp-json\/wp\/v2\/types\/post"}],"author":[{"embeddable":true,"href":"https:\/\/mundodocarnaval.com.br\/pt_br\/wp-json\/wp\/v2\/users\/1"}],"replies":[{"embeddable":true,"href":"https:\/\/mundodocarnaval.com.br\/pt_br\/wp-json\/wp\/v2\/comments?post=4992"}],"version-history":[{"count":1,"href":"https:\/\/mundodocarnaval.com.br\/pt_br\/wp-json\/wp\/v2\/posts\/4992\/revisions"}],"predecessor-version":[{"id":4994,"href":"https:\/\/mundodocarnaval.com.br\/pt_br\/wp-json\/wp\/v2\/posts\/4992\/revisions\/4994"}],"wp:featuredmedia":[{"embeddable":true,"href":"https:\/\/mundodocarnaval.com.br\/pt_br\/wp-json\/wp\/v2\/media\/4993"}],"wp:attachment":[{"href":"https:\/\/mundodocarnaval.com.br\/pt_br\/wp-json\/wp\/v2\/media?parent=4992"}],"wp:term":[{"taxonomy":"category","embeddable":true,"href":"https:\/\/mundodocarnaval.com.br\/pt_br\/wp-json\/wp\/v2\/categories?post=4992"},{"taxonomy":"post_tag","embeddable":true,"href":"https:\/\/mundodocarnaval.com.br\/pt_br\/wp-json\/wp\/v2\/tags?post=4992"}],"curies":[{"name":"wp","href":"https:\/\/api.w.org\/{rel}","templated":true}]}}