{"id":4996,"date":"2026-09-03T19:42:54","date_gmt":"2026-09-03T22:42:54","guid":{"rendered":"https:\/\/mundodocarnaval.com.br\/?p=4996"},"modified":"2026-09-03T19:44:17","modified_gmt":"2026-09-03T22:44:17","slug":"mocidade-unida-do-santa-marta-realiza-semifinal-2","status":"publish","type":"post","link":"https:\/\/mundodocarnaval.com.br\/pt_br\/mocidade-unida-do-santa-marta-realiza-semifinal-2\/","title":{"rendered":"Mocidade Unida do Santa Marta realiza semifinal"},"content":{"rendered":"<p>Mocidade Unida do Santa Marta realiza semifinal da disputa de samba no domingo, 06<\/p>\n<p>A Mocidade Unida do Santa Marta entra na reta final para a escolha do seu hino oficial para o Carnaval 2027. Domingo, dia 6 de setembro, a quadra da agremia\u00e7\u00e3o ser\u00e1 palco da semifinal da disputa de samba-enredo, com in\u00edcio marcado para 13h. No carnaval 2027, a escola levar\u00e1 para a Avenida o enredo &#8220;Quando o Rei pisou no morro, a favela virou pop&#8221;.<\/p>\n<p>A programa\u00e7\u00e3o do evento contar\u00e1 com apresenta\u00e7\u00f5es de todos os segmentos da escola, roda de samba e almo\u00e7o para os integrantes e torcedores. Um dos destaques da tarde ser\u00e1 a participa\u00e7\u00e3o ativa da comunidade: a diretoria confirmou a realiza\u00e7\u00e3o do voto popular durante a semifinal, permitindo que os frequentadores escolham a obra que gostariam que representasse a agremia\u00e7\u00e3o no pr\u00f3ximo desfile.<\/p>\n<p>Quatro obras concorrentes seguem na disputa e se apresentam na busca por uma vaga na grande final:<\/p>\n<p>Parceria 1: Edinho de Boa, Fl\u00e1vio Capoeira, Bimba do Tavares Bastos e Luciano Paiz\u00e3o<\/p>\n<p>Parceria 2: Dalton Cunha, Daniel Guimar\u00e3es, Sidimar, Luiz Fernando (Nem), Thales Nunes, Hugo Oliveira, Breno Medeiros e Renan Uccelli<\/p>\n<p>Parceria 3: Henrique Santos, Bia Florindo, Paulinha Texeira, Ismael Pe\u00e7anha, Tales Fernando, Rog\u00e9rio M\u00e1ximo, Ricardo Bernardes e Renne Barbosa<\/p>\n<p>Parceria 4: Jone Rodrigues, Bas\u00edlio, Fio Cabral, Teo Dimeriti, Anderson Feife, Renatinho, Dinho Prateado e Pato Roco<\/p>\n<p>Servi\u00e7o:<\/p>\n<p>Evento: Semifinal da Disputa de Samba-Enredo \u2013 Mocidade Unida do Santa Marta<\/p>\n<p>Data: 6 de setembro<\/p>\n<p>Hor\u00e1rio: A partir das 13h<\/p>\n<p>Local: Quadra do G.R.E.S. Mocidade Unida do Santa Marta<\/p>\n<p>Entrada: Aberta \u00e0 comunidade e torcedores<\/p>\n","protected":false},"excerpt":{"rendered":"<p>Mocidade Unida do Santa Marta realiza semifinal da disputa de samba no domingo, 06 A Mocidade Unida do Santa Marta entra na reta final para a escolha do seu hino oficial para o Carnaval 2027. Domingo, dia 6 de setembro, a quadra da agremia\u00e7\u00e3o ser\u00e1 palco da semifinal da disputa de samba-enredo, com in\u00edcio marcado [&hellip;]<\/p>\n","protected":false},"author":1,"featured_media":4997,"comment_status":"closed","ping_status":"closed","sticky":false,"template":"","format":"standard","meta":{"footnotes":""},"categories":[13],"tags":[151,155,154,159],"class_list":["post-4996","post","type-post","status-publish","format-standard","has-post-thumbnail","hentry","category-fashion","tag-carnaval","tag-intendente-magalhaes","tag-rio-de-janeiro","tag-samba"],"_links":{"self":[{"href":"https:\/\/mundodocarnaval.com.br\/pt_br\/wp-json\/wp\/v2\/posts\/4996","targetHints":{"allow":["GET"]}}],"collection":[{"href":"https:\/\/mundodocarnaval.com.br\/pt_br\/wp-json\/wp\/v2\/posts"}],"about":[{"href":"https:\/\/mundodocarnaval.com.br\/pt_br\/wp-json\/wp\/v2\/types\/post"}],"author":[{"embeddable":true,"href":"https:\/\/mundodocarnaval.com.br\/pt_br\/wp-json\/wp\/v2\/users\/1"}],"replies":[{"embeddable":true,"href":"https:\/\/mundodocarnaval.com.br\/pt_br\/wp-json\/wp\/v2\/comments?post=4996"}],"version-history":[{"count":1,"href":"https:\/\/mundodocarnaval.com.br\/pt_br\/wp-json\/wp\/v2\/posts\/4996\/revisions"}],"predecessor-version":[{"id":4998,"href":"https:\/\/mundodocarnaval.com.br\/pt_br\/wp-json\/wp\/v2\/posts\/4996\/revisions\/4998"}],"wp:featuredmedia":[{"embeddable":true,"href":"https:\/\/mundodocarnaval.com.br\/pt_br\/wp-json\/wp\/v2\/media\/4997"}],"wp:attachment":[{"href":"https:\/\/mundodocarnaval.com.br\/pt_br\/wp-json\/wp\/v2\/media?parent=4996"}],"wp:term":[{"taxonomy":"category","embeddable":true,"href":"https:\/\/mundodocarnaval.com.br\/pt_br\/wp-json\/wp\/v2\/categories?post=4996"},{"taxonomy":"post_tag","embeddable":true,"href":"https:\/\/mundodocarnaval.com.br\/pt_br\/wp-json\/wp\/v2\/tags?post=4996"}],"curies":[{"name":"wp","href":"https:\/\/api.w.org\/{rel}","templated":true}]}}