{"id":4999,"date":"2026-09-03T19:54:44","date_gmt":"2026-09-03T22:54:44","guid":{"rendered":"https:\/\/mundodocarnaval.com.br\/?p=4999"},"modified":"2026-09-03T19:54:44","modified_gmt":"2026-09-03T22:54:44","slug":"anderson-reis-segue-reinando-a-frente-da-bateria-da-alegria-do-vilar","status":"publish","type":"post","link":"https:\/\/mundodocarnaval.com.br\/pt_br\/anderson-reis-segue-reinando-a-frente-da-bateria-da-alegria-do-vilar\/","title":{"rendered":"Anderson Reis segue reinando a frente da bateria da Alegria do Vilar"},"content":{"rendered":"<p>Anderson Reis segue reinando a frente da bateria da Alegria do Vilar pelo segundo ano consecutivo<\/p>\n<p>Figura consagrada do Carnaval carioca, com passagens marcantes como rei de bateria e muso em diversas agremia\u00e7\u00f5es da S\u00e9rie Ouro e da S\u00e9rie Prata, Anderson Reis renova seu reinado \u00e0 frente da bateria da Alegria do Vilar. Ele segue pelo segundo ano consecutivo como o grande destaque \u00e0 frente da bateria Cad\u00eancia do Vilar, sob o comando de Mestre Mauri\u00e7\u00e3o.<\/p>\n<p>O rei marcou presen\u00e7a na grande final de samba-enredo da agremia\u00e7\u00e3o, realizada neste s\u00e1bado (29), noite em que o Samba 10 foi coroado como o hino oficial que a escola levar\u00e1 para a Intendente Magalh\u00e3es.<\/p>\n<p>Confiante em mais uma exibi\u00e7\u00e3o impec\u00e1vel da tricolor da Baixada Fluminense, Anderson faz quest\u00e3o de exaltar a parceria com a diretoria e a expectativa para o enredo, que levar\u00e1 o universo das f\u00e1bulas para a avenida pela S\u00e9rie Prata.<\/p>\n<p>&#8220;Estar \u00e0 frente da Cad\u00eancia do Vilar por mais um ano \u00e9 uma honra indescrit\u00edvel e um compromisso que renovo com todo o meu amor pelo samba. O Vilar \u00e9 a minha casa, e sentir a energia da nossa comunidade na final do samba s\u00f3 me deu mais certeza de que faremos um desfile hist\u00f3rico. Agrade\u00e7o demais ao presidente J\u00fanior Reis pela confian\u00e7a no meu trabalho e ao Mestre Mauri\u00e7\u00e3o por comandar esse ritmo perfeito. Vamos encantar a Intendente Magalh\u00e3es e transformar esse enredo sobre as f\u00e1bulas em um espet\u00e1culo inesquec\u00edvel!&#8221; \u2014 declarou Anderson Reis.<\/p>\n","protected":false},"excerpt":{"rendered":"<p>Anderson Reis segue reinando a frente da bateria da Alegria do Vilar pelo segundo ano consecutivo Figura consagrada do Carnaval carioca, com passagens marcantes como rei de bateria e muso em diversas agremia\u00e7\u00f5es da S\u00e9rie Ouro e da S\u00e9rie Prata, Anderson Reis renova seu reinado \u00e0 frente da bateria da Alegria do Vilar. Ele segue [&hellip;]<\/p>\n","protected":false},"author":1,"featured_media":5000,"comment_status":"closed","ping_status":"closed","sticky":false,"template":"","format":"standard","meta":{"footnotes":""},"categories":[13],"tags":[151,155,153,154],"class_list":["post-4999","post","type-post","status-publish","format-standard","has-post-thumbnail","hentry","category-fashion","tag-carnaval","tag-intendente-magalhaes","tag-mundo-do-carnaval","tag-rio-de-janeiro"],"_links":{"self":[{"href":"https:\/\/mundodocarnaval.com.br\/pt_br\/wp-json\/wp\/v2\/posts\/4999","targetHints":{"allow":["GET"]}}],"collection":[{"href":"https:\/\/mundodocarnaval.com.br\/pt_br\/wp-json\/wp\/v2\/posts"}],"about":[{"href":"https:\/\/mundodocarnaval.com.br\/pt_br\/wp-json\/wp\/v2\/types\/post"}],"author":[{"embeddable":true,"href":"https:\/\/mundodocarnaval.com.br\/pt_br\/wp-json\/wp\/v2\/users\/1"}],"replies":[{"embeddable":true,"href":"https:\/\/mundodocarnaval.com.br\/pt_br\/wp-json\/wp\/v2\/comments?post=4999"}],"version-history":[{"count":1,"href":"https:\/\/mundodocarnaval.com.br\/pt_br\/wp-json\/wp\/v2\/posts\/4999\/revisions"}],"predecessor-version":[{"id":5001,"href":"https:\/\/mundodocarnaval.com.br\/pt_br\/wp-json\/wp\/v2\/posts\/4999\/revisions\/5001"}],"wp:featuredmedia":[{"embeddable":true,"href":"https:\/\/mundodocarnaval.com.br\/pt_br\/wp-json\/wp\/v2\/media\/5000"}],"wp:attachment":[{"href":"https:\/\/mundodocarnaval.com.br\/pt_br\/wp-json\/wp\/v2\/media?parent=4999"}],"wp:term":[{"taxonomy":"category","embeddable":true,"href":"https:\/\/mundodocarnaval.com.br\/pt_br\/wp-json\/wp\/v2\/categories?post=4999"},{"taxonomy":"post_tag","embeddable":true,"href":"https:\/\/mundodocarnaval.com.br\/pt_br\/wp-json\/wp\/v2\/tags?post=4999"}],"curies":[{"name":"wp","href":"https:\/\/api.w.org\/{rel}","templated":true}]}}