{"id":5005,"date":"2026-09-03T20:03:59","date_gmt":"2026-09-03T23:03:59","guid":{"rendered":"https:\/\/mundodocarnaval.com.br\/?p=5005"},"modified":"2026-09-03T21:10:52","modified_gmt":"2026-09-04T00:10:52","slug":"rainha-claudia-rodrigues-e-apresentada","status":"publish","type":"post","link":"https:\/\/mundodocarnaval.com.br\/pt_br\/rainha-claudia-rodrigues-e-apresentada\/","title":{"rendered":"Rainha Claudia Rodrigues \u00e9 apresentada"},"content":{"rendered":"<p>Rainha Claudia Rodrigues \u00e9 apresentada \u00e0 comunidade da Alegria do Vilar<\/p>\n<p>A noite do \u00faltimo domingo foi repleta de emo\u00e7\u00e3o para a psicanalista Claudia Rodrigues, que faz sua estreia como rainha da bateria Cad\u00eancia do Vilar, comandada pelo mestre Mauri\u00e7\u00e3o.<\/p>\n<p>A nova soberana foi apresentada \u00e0 comunidade durante a final de samba-enredo que definiu o hino oficial da escola para o desfile na Intendente Magalh\u00e3es, pela S\u00e9rie Prata do Carnaval 2027. Em seu discurso, a rainha expressou profunda gratid\u00e3o pelo acolhimento recebido da diretoria e dos componentes.<\/p>\n<p>&#8220;Estou muito feliz com todo o carinho que tenho recebido nos \u00faltimos dias. Passei toda a semana que antecedeu a final na quadra, ao lado da diretoria, para alinhar cada detalhe e proporcionar uma linda festa para a nossa comunidade. Posso dizer que, mesmo sendo branca e n\u00e3o tendo nascido no samba, estou aqui para honrar e representar com muito orgulho este pavilh\u00e3o. Meu muito obrigada ao J\u00fanior Reis pelo convite e pela confian\u00e7a&#8221;, declarou Claudia.<\/p>\n<p>A coroa\u00e7\u00e3o oficial j\u00e1 tem data marcada: dia 24 de outubro. O evento ser\u00e1 celebrado em uma grande festa preparada especialmente para seus convidados, para a bateria do mestre Mauri\u00e7\u00e3o e para toda a comunidade do Vilar.<\/p>\n","protected":false},"excerpt":{"rendered":"<p>Rainha Claudia Rodrigues \u00e9 apresentada \u00e0 comunidade da Alegria do Vilar A noite do \u00faltimo domingo foi repleta de emo\u00e7\u00e3o para a psicanalista Claudia Rodrigues, que faz sua estreia como rainha da bateria Cad\u00eancia do Vilar, comandada pelo mestre Mauri\u00e7\u00e3o. A nova soberana foi apresentada \u00e0 comunidade durante a final de samba-enredo que definiu o [&hellip;]<\/p>\n","protected":false},"author":1,"featured_media":5006,"comment_status":"closed","ping_status":"closed","sticky":false,"template":"","format":"standard","meta":{"footnotes":""},"categories":[14],"tags":[151,155,153,154],"class_list":["post-5005","post","type-post","status-publish","format-standard","has-post-thumbnail","hentry","category-gadgets","tag-carnaval","tag-intendente-magalhaes","tag-mundo-do-carnaval","tag-rio-de-janeiro"],"_links":{"self":[{"href":"https:\/\/mundodocarnaval.com.br\/pt_br\/wp-json\/wp\/v2\/posts\/5005","targetHints":{"allow":["GET"]}}],"collection":[{"href":"https:\/\/mundodocarnaval.com.br\/pt_br\/wp-json\/wp\/v2\/posts"}],"about":[{"href":"https:\/\/mundodocarnaval.com.br\/pt_br\/wp-json\/wp\/v2\/types\/post"}],"author":[{"embeddable":true,"href":"https:\/\/mundodocarnaval.com.br\/pt_br\/wp-json\/wp\/v2\/users\/1"}],"replies":[{"embeddable":true,"href":"https:\/\/mundodocarnaval.com.br\/pt_br\/wp-json\/wp\/v2\/comments?post=5005"}],"version-history":[{"count":1,"href":"https:\/\/mundodocarnaval.com.br\/pt_br\/wp-json\/wp\/v2\/posts\/5005\/revisions"}],"predecessor-version":[{"id":5007,"href":"https:\/\/mundodocarnaval.com.br\/pt_br\/wp-json\/wp\/v2\/posts\/5005\/revisions\/5007"}],"wp:featuredmedia":[{"embeddable":true,"href":"https:\/\/mundodocarnaval.com.br\/pt_br\/wp-json\/wp\/v2\/media\/5006"}],"wp:attachment":[{"href":"https:\/\/mundodocarnaval.com.br\/pt_br\/wp-json\/wp\/v2\/media?parent=5005"}],"wp:term":[{"taxonomy":"category","embeddable":true,"href":"https:\/\/mundodocarnaval.com.br\/pt_br\/wp-json\/wp\/v2\/categories?post=5005"},{"taxonomy":"post_tag","embeddable":true,"href":"https:\/\/mundodocarnaval.com.br\/pt_br\/wp-json\/wp\/v2\/tags?post=5005"}],"curies":[{"name":"wp","href":"https:\/\/api.w.org\/{rel}","templated":true}]}}