{"id":5008,"date":"2026-09-03T21:17:31","date_gmt":"2026-09-04T00:17:31","guid":{"rendered":"https:\/\/mundodocarnaval.com.br\/?p=5008"},"modified":"2026-09-03T21:17:31","modified_gmt":"2026-09-04T00:17:31","slug":"com-sete-sambas-classificados-uniao-de-marica-avanca-na-disputa","status":"publish","type":"post","link":"https:\/\/mundodocarnaval.com.br\/pt_br\/com-sete-sambas-classificados-uniao-de-marica-avanca-na-disputa\/","title":{"rendered":"Com sete sambas classificados, Uni\u00e3o de Maric\u00e1 avan\u00e7a na disputa"},"content":{"rendered":"<p>Com sete sambas classificados, Uni\u00e3o de Maric\u00e1 avan\u00e7a na disputa pelo hino de 2027<br \/>\nSegunda etapa do concurso acontece na pr\u00f3xima sexta-feira (4), com entrada solid\u00e1ria e show do cantor Davi antes da apresenta\u00e7\u00e3o das parcerias<\/p>\n<p>A disputa pelo samba-enredo que conduzir\u00e1 a Uni\u00e3o de Maric\u00e1 no Carnaval 2027 come\u00e7a a afunilar. Ap\u00f3s a primeira eliminat\u00f3ria, realizada no \u00faltimo fim de semana, sete obras seguem na disputa e ser\u00e3o apresentadas na segunda etapa do concurso, marcada para a pr\u00f3xima sexta-feira (4), na quadra da escola.<\/p>\n<p>Os port\u00f5es ser\u00e3o abertos \u00e0s 20h, com entrada solid\u00e1ria mediante a doa\u00e7\u00e3o de 1kg de alimento n\u00e3o perec\u00edvel. Antes do in\u00edcio da disputa, o p\u00fablico poder\u00e1 acompanhar o show do cantor Davi. A programa\u00e7\u00e3o tamb\u00e9m contar\u00e1 com a apresenta\u00e7\u00e3o dos segmentos da Uni\u00e3o de Maric\u00e1, sob a lideran\u00e7a do int\u00e9rprete Z\u00e9 Paulo Sierra.<\/p>\n<p>Confira as sete parcerias classificadas para a segunda etapa:<\/p>\n<p>Samba 05 &#8211; J\u00f4 Borges &#038; cia<br \/>\nSamba 06 &#8211; Sandra S\u00e1 &#038; cia<br \/>\nSamba 07 &#8211; Moacyr Luz &#038; cia<br \/>\nSamba 08 &#8211; Andr\u00e9ia Werling &#038; cia<br \/>\nSamba 09 &#8211; Diogo Nogueira &#038; cia<br \/>\nSamba 11 &#8211; Mestre Poraqu\u00ea &#038; cia<br \/>\nSamba 12 &#8211; Magnun Amado &#038; cia<\/p>\n<p>A grande final est\u00e1 marcada para o dia 18 de setembro. At\u00e9 a defini\u00e7\u00e3o do samba oficial, a Uni\u00e3o de Maric\u00e1 realizar\u00e1 mais tr\u00eas sextas-feiras de concurso, quando as parcerias classificadas seguir\u00e3o na busca pela composi\u00e7\u00e3o que ser\u00e1 levada \u00e0 Marqu\u00eas de Sapuca\u00ed.<\/p>\n<p>Em 2027, a Uni\u00e3o de Maric\u00e1 far\u00e1 sua estreia no Grupo Especial e ser\u00e1 a primeira escola a desfilar no domingo de Carnaval, no dia 7 de fevereiro, na Marqu\u00eas de Sapuca\u00ed, com o enredo \u201cUtopia Brasil: Darcy Ribeiro\u201d, do carnavalesco Edson Pereira.<\/p>\n<p>Fotos: Diego Mendes\/Uni\u00e3o de Maric\u00e1<\/p>\n","protected":false},"excerpt":{"rendered":"<p>Com sete sambas classificados, Uni\u00e3o de Maric\u00e1 avan\u00e7a na disputa pelo hino de 2027 Segunda etapa do concurso acontece na pr\u00f3xima sexta-feira (4), com entrada solid\u00e1ria e show do cantor Davi antes da apresenta\u00e7\u00e3o das parcerias A disputa pelo samba-enredo que conduzir\u00e1 a Uni\u00e3o de Maric\u00e1 no Carnaval 2027 come\u00e7a a afunilar. Ap\u00f3s a primeira [&hellip;]<\/p>\n","protected":false},"author":1,"featured_media":5009,"comment_status":"closed","ping_status":"closed","sticky":false,"template":"","format":"standard","meta":{"footnotes":""},"categories":[12],"tags":[151,153,154,159,152],"class_list":["post-5008","post","type-post","status-publish","format-standard","has-post-thumbnail","hentry","category-grupo-especial","tag-carnaval","tag-mundo-do-carnaval","tag-rio-de-janeiro","tag-samba","tag-sapucai"],"_links":{"self":[{"href":"https:\/\/mundodocarnaval.com.br\/pt_br\/wp-json\/wp\/v2\/posts\/5008","targetHints":{"allow":["GET"]}}],"collection":[{"href":"https:\/\/mundodocarnaval.com.br\/pt_br\/wp-json\/wp\/v2\/posts"}],"about":[{"href":"https:\/\/mundodocarnaval.com.br\/pt_br\/wp-json\/wp\/v2\/types\/post"}],"author":[{"embeddable":true,"href":"https:\/\/mundodocarnaval.com.br\/pt_br\/wp-json\/wp\/v2\/users\/1"}],"replies":[{"embeddable":true,"href":"https:\/\/mundodocarnaval.com.br\/pt_br\/wp-json\/wp\/v2\/comments?post=5008"}],"version-history":[{"count":1,"href":"https:\/\/mundodocarnaval.com.br\/pt_br\/wp-json\/wp\/v2\/posts\/5008\/revisions"}],"predecessor-version":[{"id":5010,"href":"https:\/\/mundodocarnaval.com.br\/pt_br\/wp-json\/wp\/v2\/posts\/5008\/revisions\/5010"}],"wp:featuredmedia":[{"embeddable":true,"href":"https:\/\/mundodocarnaval.com.br\/pt_br\/wp-json\/wp\/v2\/media\/5009"}],"wp:attachment":[{"href":"https:\/\/mundodocarnaval.com.br\/pt_br\/wp-json\/wp\/v2\/media?parent=5008"}],"wp:term":[{"taxonomy":"category","embeddable":true,"href":"https:\/\/mundodocarnaval.com.br\/pt_br\/wp-json\/wp\/v2\/categories?post=5008"},{"taxonomy":"post_tag","embeddable":true,"href":"https:\/\/mundodocarnaval.com.br\/pt_br\/wp-json\/wp\/v2\/tags?post=5008"}],"curies":[{"name":"wp","href":"https:\/\/api.w.org\/{rel}","templated":true}]}}