{"id":5011,"date":"2026-09-03T21:29:49","date_gmt":"2026-09-04T00:29:49","guid":{"rendered":"https:\/\/mundodocarnaval.com.br\/?p=5011"},"modified":"2026-09-03T21:29:50","modified_gmt":"2026-09-04T00:29:50","slug":"escolas-do-rio-carnaval-dao-inicio-as-finais-de-sambas","status":"publish","type":"post","link":"https:\/\/mundodocarnaval.com.br\/pt_br\/escolas-do-rio-carnaval-dao-inicio-as-finais-de-sambas\/","title":{"rendered":"\u200bEscolas do Rio Carnaval d\u00e3o in\u00edcio \u00e0s finais de sambas"},"content":{"rendered":"<p>Escolas do Rio Carnaval d\u00e3o in\u00edcio \u00e0s finais de sambas para 2027, com alcance nacional in\u00e9dito<\/p>\n<p>Finais nas quadras do Grupo Especial come\u00e7am no fim de semana; Eventos t\u00eam transmiss\u00e3o ao vivo pioneira pela Rio Carnaval TV, que j\u00e1 soma mais de 1,1 milh\u00e3o de views<\/p>\n<p>Daqui a 20 dias, todas as 12 escolas de samba do Rio Carnaval j\u00e1 v\u00e3o ter definido os sambas-enredo para 2027. Come\u00e7a neste fim de semana a fase final das disputas organizadas anualmente nas quadras do Grupo Especial: Portela, Mangueira e Mocidade ficam respons\u00e1veis pela largada \u2013 confira o calend\u00e1rio completo abaixo. Nesta temporada, uma novidade: todo o circuito de eventos ser\u00e1 transmitido ao vivo, com alcance in\u00e9dito para todo o Brasil via YouTube.<\/p>\n<p>O movimento tornou-se poss\u00edvel gra\u00e7as \u00e0 Rio Carnaval TV, que desde agosto vem acompanhando, ao vivo, todas as etapas dos concursos de samba das agremia\u00e7\u00f5es. Das 70 transmiss\u00f5es programadas para o per\u00edodo, mais de um ter\u00e7o j\u00e1 foi ao ar, somando 1,1 milh\u00e3o de visualiza\u00e7\u00f5es.<\/p>\n<p>\u00c9 a primeira vez que a \u00edntegra das disputas chega a casa de milhares de brasileiros simultaneamente. As finais, antes transmitidas de maneira avulsa por parte das escolas, tamb\u00e9m est\u00e3o sendo projetadas de forma pioneira. A iniciativa \u00e9 da Liga Independente das Escolas de Samba do Rio de Janeiro (Liesa), com produ\u00e7\u00e3o parceira da Maric\u00e1, Arte, Roteiro e Experi\u00eancias (MAR\u00c9), empresa p\u00fablica de cultura e turismo do munic\u00edpio de Maric\u00e1 (RJ).<\/p>\n<p>\u201c\u00c9 muito significativo ver que a Rio Carnaval TV j\u00e1 est\u00e1 conseguindo levar a experi\u00eancia das quadras para pessoas que est\u00e3o em outros estados e at\u00e9 fora do pa\u00eds. As escolas est\u00e3o sempre de portas abertas e lotadas recebendo suas comunidades e os apaixonados, de perto ou de longe. Agora, elas tamb\u00e9m d\u00e3o as boas-vindas a uma legi\u00e3o de espectadores virtuais\u201d, diz Gabriel David, presidente da Liesa.<\/p>\n<p>O projeto, conforme afirma Gabriel, democratiza o acesso aos bastidores da prepara\u00e7\u00e3o para a folia e aproxima o p\u00fablico da rotina das quadras e barrac\u00f5es. A mudan\u00e7a \u00e9 not\u00e1vel desde a estreia, com a apresenta\u00e7\u00e3o do samba-enredo do Para\u00edso do Tuiuti. A seis meses dos desfiles, o evento ultrapassou as 53 mil visualiza\u00e7\u00f5es.<\/p>\n<p>Apresentadas por sambistas de cada agremia\u00e7\u00e3o, as transmiss\u00f5es permitem intera\u00e7\u00f5es m\u00faltiplas dos torcedores \u2013 forma-se, assim, uma comunidade cada vez mais viva em torno do espet\u00e1culo.<\/p>\n<p>Oy\u00e1, Monarco e Am\u00e9rica Latina<\/p>\n<p>Na noite desta sexta, 4, a Portela abre os trabalhos na quadra em Madureira, na Zona Norte do Rio. A escola busca um samba para homenagear seu baluarte Monarco.<\/p>\n<p>S\u00e1bado, 5, inclui dose dupla. Ser\u00e1 a vez de Mangueira e Mocidade Independente de Padre Miguel definirem a trilha sonora dos enredos sobre o orix\u00e1 Oy\u00e1, no caso da verde e rosa, e a latinidade, para a verde e branco.<\/p>\n<p>A sequ\u00eancia de finais prossegue na semana seguinte, com Beija-Flor (10 de setembro), Vila Isabel (11),  Salgueiro e Unidos da Tijuca (12).<\/p>\n<p>Depois, v\u00eam Imperatriz Leopoldinense e Uni\u00e3o de Maric\u00e1  (18), Viradouro (19) e Grande Rio (20), encerrando o calend\u00e1rio.<\/p>\n<p>Confira a agenda:<\/p>\n<p>Portela \u2013 Sexta-feira, 04\/09<\/p>\n<p>Mangueira e Mocidade \u2013 S\u00e1bado, 05\/09<\/p>\n<p>Beija-Flor \u2013 Quinta-feira, 10\/09<\/p>\n<p>Vila Isabel \u2013 Sexta-feira,11\/09<\/p>\n<p>Salgueiro e Unidos da Tijuca \u2013 S\u00e1bado, 12\/09<\/p>\n<p>Imperatriz e Maric\u00e1 \u2013 Sexta-feira, 18\/09<\/p>\n<p>Viradouro \u2013 S\u00e1bado, 19\/09<\/p>\n<p>Grande Rio \u2013 Domingo, 20\/09<\/p>\n","protected":false},"excerpt":{"rendered":"<p>Escolas do Rio Carnaval d\u00e3o in\u00edcio \u00e0s finais de sambas para 2027, com alcance nacional in\u00e9dito Finais nas quadras do Grupo Especial come\u00e7am no fim de semana; Eventos t\u00eam transmiss\u00e3o ao vivo pioneira pela Rio Carnaval TV, que j\u00e1 soma mais de 1,1 milh\u00e3o de views Daqui a 20 dias, todas as 12 escolas de [&hellip;]<\/p>\n","protected":false},"author":1,"featured_media":5012,"comment_status":"closed","ping_status":"closed","sticky":false,"template":"","format":"standard","meta":{"footnotes":""},"categories":[12],"tags":[151,153,154,159,152],"class_list":["post-5011","post","type-post","status-publish","format-standard","has-post-thumbnail","hentry","category-grupo-especial","tag-carnaval","tag-mundo-do-carnaval","tag-rio-de-janeiro","tag-samba","tag-sapucai"],"_links":{"self":[{"href":"https:\/\/mundodocarnaval.com.br\/pt_br\/wp-json\/wp\/v2\/posts\/5011","targetHints":{"allow":["GET"]}}],"collection":[{"href":"https:\/\/mundodocarnaval.com.br\/pt_br\/wp-json\/wp\/v2\/posts"}],"about":[{"href":"https:\/\/mundodocarnaval.com.br\/pt_br\/wp-json\/wp\/v2\/types\/post"}],"author":[{"embeddable":true,"href":"https:\/\/mundodocarnaval.com.br\/pt_br\/wp-json\/wp\/v2\/users\/1"}],"replies":[{"embeddable":true,"href":"https:\/\/mundodocarnaval.com.br\/pt_br\/wp-json\/wp\/v2\/comments?post=5011"}],"version-history":[{"count":1,"href":"https:\/\/mundodocarnaval.com.br\/pt_br\/wp-json\/wp\/v2\/posts\/5011\/revisions"}],"predecessor-version":[{"id":5013,"href":"https:\/\/mundodocarnaval.com.br\/pt_br\/wp-json\/wp\/v2\/posts\/5011\/revisions\/5013"}],"wp:featuredmedia":[{"embeddable":true,"href":"https:\/\/mundodocarnaval.com.br\/pt_br\/wp-json\/wp\/v2\/media\/5012"}],"wp:attachment":[{"href":"https:\/\/mundodocarnaval.com.br\/pt_br\/wp-json\/wp\/v2\/media?parent=5011"}],"wp:term":[{"taxonomy":"category","embeddable":true,"href":"https:\/\/mundodocarnaval.com.br\/pt_br\/wp-json\/wp\/v2\/categories?post=5011"},{"taxonomy":"post_tag","embeddable":true,"href":"https:\/\/mundodocarnaval.com.br\/pt_br\/wp-json\/wp\/v2\/tags?post=5011"}],"curies":[{"name":"wp","href":"https:\/\/api.w.org\/{rel}","templated":true}]}}