{"id":5024,"date":"2026-09-03T22:06:22","date_gmt":"2026-09-04T01:06:22","guid":{"rendered":"https:\/\/mundodocarnaval.com.br\/?p=5024"},"modified":"2026-09-03T22:06:22","modified_gmt":"2026-09-04T01:06:22","slug":"novo-imperio-celebra-aniversario-e-coroa-nova-rainha-de-bateria-2","status":"publish","type":"post","link":"https:\/\/mundodocarnaval.com.br\/pt_br\/novo-imperio-celebra-aniversario-e-coroa-nova-rainha-de-bateria-2\/","title":{"rendered":"Novo Imp\u00e9rio celebra anivers\u00e1rio e coroa nova rainha de bateria"},"content":{"rendered":"<p>Novo Imp\u00e9rio celebra anivers\u00e1rio e coroa nova rainha de bateria em grande festa em Osvaldo Cruz no feriado, 07<\/p>\n<p>A Novo Imp\u00e9rio prepara uma grande celebra\u00e7\u00e3o para marcar mais um anivers\u00e1rio de sua hist\u00f3ria. No dia 7 de setembro, a partir das 13h, a agremia\u00e7\u00e3o realiza uma programa\u00e7\u00e3o especial na Rua Andrade Ara\u00fajo, 192, em Osvaldo Cruz, reunindo samba, tradi\u00e7\u00e3o, gastronomia e importantes momentos para o pr\u00f3ximo Carnaval.<\/p>\n<p>Um dos pontos altos da festa ser\u00e1 a coroa\u00e7\u00e3o de N\u00edvea Alchorne como nova rainha de bateria da escola. A cerim\u00f4nia promete ser um dos momentos mais aguardados do evento, celebrando a chegada da nova majestade \u00e0 frente dos ritmistas da Pegada de Le\u00e3o, fortalecendo ainda mais a prepara\u00e7\u00e3o da agremia\u00e7\u00e3o para o Carnaval 2027.<\/p>\n<p>A programa\u00e7\u00e3o tamb\u00e9m contar\u00e1 com o enfaixamento das musas e a apresenta\u00e7\u00e3o oficial do samba-enredo que embalar\u00e1 o desfile da Novo Imp\u00e9rio no pr\u00f3ximo Carnaval, proporcionando ao p\u00fablico um verdadeiro encontro entre a hist\u00f3ria da escola e os novos cap\u00edtulos que come\u00e7am a ser escritos.<\/p>\n<p>Para completar a festa, a bateria Pegada de Le\u00e3o ser\u00e1 uma das atra\u00e7\u00f5es da tarde, levando toda a for\u00e7a da cad\u00eancia imperial para a quadra. O evento ainda receber\u00e1 as escolas convidadas Acad\u00eamicos de Vig\u00e1rio Geral e Unidos do Cabu\u00e7u. E como toda boa festa de samba tamb\u00e9m pede sabor e tradi\u00e7\u00e3o, o p\u00fablico poder\u00e1 aproveitar uma feijoada completa, acompanhada de acompanhamentos especiais.<\/p>\n<p>As mesas antecipadas est\u00e3o sendo vendidas por R$ 25,00.<\/p>\n<p>Servi\u00e7o<\/p>\n<p>Festa de Anivers\u00e1rio da Novo Imp\u00e9rio<br \/>\n 07 de setembro<br \/>\n A partir das 13h<br \/>\n Rua Andrade Ara\u00fajo, 192 \u2013 Osvaldo Cruz \u2013 RJ<\/p>\n","protected":false},"excerpt":{"rendered":"<p>Novo Imp\u00e9rio celebra anivers\u00e1rio e coroa nova rainha de bateria em grande festa em Osvaldo Cruz no feriado, 07 A Novo Imp\u00e9rio prepara uma grande celebra\u00e7\u00e3o para marcar mais um anivers\u00e1rio de sua hist\u00f3ria. No dia 7 de setembro, a partir das 13h, a agremia\u00e7\u00e3o realiza uma programa\u00e7\u00e3o especial na Rua Andrade Ara\u00fajo, 192, em [&hellip;]<\/p>\n","protected":false},"author":1,"featured_media":5022,"comment_status":"closed","ping_status":"closed","sticky":false,"template":"","format":"standard","meta":{"footnotes":""},"categories":[14],"tags":[151,155,153,154,159],"class_list":["post-5024","post","type-post","status-publish","format-standard","has-post-thumbnail","hentry","category-gadgets","tag-carnaval","tag-intendente-magalhaes","tag-mundo-do-carnaval","tag-rio-de-janeiro","tag-samba"],"_links":{"self":[{"href":"https:\/\/mundodocarnaval.com.br\/pt_br\/wp-json\/wp\/v2\/posts\/5024","targetHints":{"allow":["GET"]}}],"collection":[{"href":"https:\/\/mundodocarnaval.com.br\/pt_br\/wp-json\/wp\/v2\/posts"}],"about":[{"href":"https:\/\/mundodocarnaval.com.br\/pt_br\/wp-json\/wp\/v2\/types\/post"}],"author":[{"embeddable":true,"href":"https:\/\/mundodocarnaval.com.br\/pt_br\/wp-json\/wp\/v2\/users\/1"}],"replies":[{"embeddable":true,"href":"https:\/\/mundodocarnaval.com.br\/pt_br\/wp-json\/wp\/v2\/comments?post=5024"}],"version-history":[{"count":1,"href":"https:\/\/mundodocarnaval.com.br\/pt_br\/wp-json\/wp\/v2\/posts\/5024\/revisions"}],"predecessor-version":[{"id":5025,"href":"https:\/\/mundodocarnaval.com.br\/pt_br\/wp-json\/wp\/v2\/posts\/5024\/revisions\/5025"}],"wp:featuredmedia":[{"embeddable":true,"href":"https:\/\/mundodocarnaval.com.br\/pt_br\/wp-json\/wp\/v2\/media\/5022"}],"wp:attachment":[{"href":"https:\/\/mundodocarnaval.com.br\/pt_br\/wp-json\/wp\/v2\/media?parent=5024"}],"wp:term":[{"taxonomy":"category","embeddable":true,"href":"https:\/\/mundodocarnaval.com.br\/pt_br\/wp-json\/wp\/v2\/categories?post=5024"},{"taxonomy":"post_tag","embeddable":true,"href":"https:\/\/mundodocarnaval.com.br\/pt_br\/wp-json\/wp\/v2\/tags?post=5024"}],"curies":[{"name":"wp","href":"https:\/\/api.w.org\/{rel}","templated":true}]}}