{"id":5026,"date":"2026-09-03T22:59:24","date_gmt":"2026-09-04T01:59:24","guid":{"rendered":"https:\/\/mundodocarnaval.com.br\/?p=5026"},"modified":"2026-09-03T22:59:25","modified_gmt":"2026-09-04T01:59:25","slug":"sao-clemente-recebe-porto-da-pedra-e-realiza-eliminatoria","status":"publish","type":"post","link":"https:\/\/mundodocarnaval.com.br\/pt_br\/sao-clemente-recebe-porto-da-pedra-e-realiza-eliminatoria\/","title":{"rendered":"S\u00e3o Clemente recebe Porto da Pedra e realiza eliminat\u00f3ria"},"content":{"rendered":"<p>S\u00e3o Clemente recebe Porto da Pedra e realiza eliminat\u00f3ria de samba-enredo nesta sexta (04)<\/p>\n<p>A preto e amarelo da Zona Sul carioca iniciou a temporada para 2027 em uma noite de pura nostalgia. O primeiro evento na quadra da agremia\u00e7\u00e3o contou com a participa\u00e7\u00e3o do int\u00e9rprete Igor Sorriso, atualmente no Salgueiro e que fez hist\u00f3ria na S\u00e3o Clemente. Igor abriu caminho para Chic\u00e3o, o novo cantor dos clementianos.<\/p>\n<p>E a festa continua nesta pr\u00f3xima sexta-feira (04). A partir das 21h, a escola vai receber a Porto da Pedra e realizar a primeira eliminat\u00f3ria do concurso de samba-enredo. Sete obras est\u00e3o na disputa para embalar o desfile sobre a gambiarra. A entrada ser\u00e1 gratuita para quem chegar at\u00e9 meia-noite.<\/p>\n<p>&#8220;Fizemos a apresenta\u00e7\u00e3o de todos os sambas e agora vai come\u00e7ar a disputa pra valer. Temos sete belas obras&#8221;, afirmou Thiago Almeida, presidente da S\u00e3o Clemente.<\/p>\n<p>No ano que vem, a agremia\u00e7\u00e3o vai ser a primeira a desfilar na sexta-feira de Carnaval, no dia 5 de fevereiro, com enredo \u201cCrialogia &#8211; gambiarra \u00e0 brasileira\u201d, da carnavalesca Annik Salmon.<\/p>\n<p>Servi\u00e7o<br \/>\nEliminat\u00f3ria de samba-enredo S\u00e3o Clemente para 2027<br \/>\nEscola convidada: Porto da Pedra<br \/>\nData: sexta-feira, dia 4 de setembro, a partir das 21h<br \/>\nLocal: quadra da S\u00e3o Clemente &#8211; Avenida Pres. Vargas, 3102 &#8211; Cidade Nova, Rio de Janeiro<\/p>\n<p>Conhe\u00e7a os sambas concorrentes:<\/p>\n<p>Samba 01 &#8211; Nelson Amatuzzi e cia<br \/>\nSamba 02 &#8211; Dudu Nobre e cia<br \/>\nSamba 03 &#8211; Helinho 107 e cia<br \/>\nSamba 04 &#8211; Edinho e cia<br \/>\nSamba 05 &#8211; Ricardo G\u00f3es, Alexandre Ara\u00fajo e cia<br \/>\nSamba 06 &#8211; Marcelo Adnet e cia<br \/>\nSamba 07 &#8211; Charlitinho e cia<\/p>\n<p>*fotos de Alex Maia\/Divulga\u00e7\u00e3o em anexo<\/p>\n","protected":false},"excerpt":{"rendered":"<p>S\u00e3o Clemente recebe Porto da Pedra e realiza eliminat\u00f3ria de samba-enredo nesta sexta (04) A preto e amarelo da Zona Sul carioca iniciou a temporada para 2027 em uma noite de pura nostalgia. O primeiro evento na quadra da agremia\u00e7\u00e3o contou com a participa\u00e7\u00e3o do int\u00e9rprete Igor Sorriso, atualmente no Salgueiro e que fez hist\u00f3ria [&hellip;]<\/p>\n","protected":false},"author":1,"featured_media":5027,"comment_status":"closed","ping_status":"closed","sticky":false,"template":"","format":"standard","meta":{"footnotes":""},"categories":[13],"tags":[151,153,154,159,162],"class_list":["post-5026","post","type-post","status-publish","format-standard","has-post-thumbnail","hentry","category-fashion","tag-carnaval","tag-mundo-do-carnaval","tag-rio-de-janeiro","tag-samba","tag-serie-ouro"],"_links":{"self":[{"href":"https:\/\/mundodocarnaval.com.br\/pt_br\/wp-json\/wp\/v2\/posts\/5026","targetHints":{"allow":["GET"]}}],"collection":[{"href":"https:\/\/mundodocarnaval.com.br\/pt_br\/wp-json\/wp\/v2\/posts"}],"about":[{"href":"https:\/\/mundodocarnaval.com.br\/pt_br\/wp-json\/wp\/v2\/types\/post"}],"author":[{"embeddable":true,"href":"https:\/\/mundodocarnaval.com.br\/pt_br\/wp-json\/wp\/v2\/users\/1"}],"replies":[{"embeddable":true,"href":"https:\/\/mundodocarnaval.com.br\/pt_br\/wp-json\/wp\/v2\/comments?post=5026"}],"version-history":[{"count":1,"href":"https:\/\/mundodocarnaval.com.br\/pt_br\/wp-json\/wp\/v2\/posts\/5026\/revisions"}],"predecessor-version":[{"id":5028,"href":"https:\/\/mundodocarnaval.com.br\/pt_br\/wp-json\/wp\/v2\/posts\/5026\/revisions\/5028"}],"wp:featuredmedia":[{"embeddable":true,"href":"https:\/\/mundodocarnaval.com.br\/pt_br\/wp-json\/wp\/v2\/media\/5027"}],"wp:attachment":[{"href":"https:\/\/mundodocarnaval.com.br\/pt_br\/wp-json\/wp\/v2\/media?parent=5026"}],"wp:term":[{"taxonomy":"category","embeddable":true,"href":"https:\/\/mundodocarnaval.com.br\/pt_br\/wp-json\/wp\/v2\/categories?post=5026"},{"taxonomy":"post_tag","embeddable":true,"href":"https:\/\/mundodocarnaval.com.br\/pt_br\/wp-json\/wp\/v2\/tags?post=5026"}],"curies":[{"name":"wp","href":"https:\/\/api.w.org\/{rel}","templated":true}]}}