{"id":5036,"date":"2026-09-03T23:49:23","date_gmt":"2026-09-04T02:49:23","guid":{"rendered":"https:\/\/mundodocarnaval.com.br\/?p=5036"},"modified":"2026-09-03T23:49:23","modified_gmt":"2026-09-04T02:49:23","slug":"monique-freitas-recebe-premio-mulher-negra","status":"publish","type":"post","link":"https:\/\/mundodocarnaval.com.br\/pt_br\/monique-freitas-recebe-premio-mulher-negra\/","title":{"rendered":"Monique Freitas recebe Pr\u00eamio Mulher Negra"},"content":{"rendered":"<p>Monique Freitas, Profissional da Imprensa Carnavalesca e passista do GRES Em Cima da Hora e Feiti\u00e7o Carioca, recebe Pr\u00eamio Mulher Negra 2026<\/p>\n<p>Monique Freitas \u00e9 homenageada com o Pr\u00eamio Mulher Negra 2026<\/p>\n<p>A noite desta segunda-feira (31) foi de reconhecimento para A profissional que atua na imprensa carnavalesca.<br \/>\nEla que tamb\u00e9m integra o segmento de passistas do GRES Em Cima da Hora e do GRES Feiti\u00e7o Carioca,foi uma das homenageadas pelo Coletivo J\u00fanior Lima com o Pr\u00eamio Mulher Negra 2026. No Campus IFRJ de Nil\u00f3polis<\/p>\n<p>A homenagem reconhece uma trajet\u00f3ria constru\u00edda dentro do Carnaval em diferentes frentes. Na imprensa, Monique atua na cobertura e divulga\u00e7\u00e3o do samba, acompanhando escolas, eventos, profissionais e os diversos segmentos que mant\u00eam a cultura carnavalesca viva durante todo o ano.<\/p>\n<p>Como passista, tamb\u00e9m vivencia o Carnaval diretamente na quadra e na avenida, experi\u00eancia que amplia seu olhar sobre a cultura que ajuda a comunicar.<\/p>\n<p>Conciliar a rotina profissional com a vida pessoal tamb\u00e9m faz parte dessa caminhada. M\u00e3e, esposa, profissional da imprensa e passista, Monique representa tantas mulheres que encontram no Carnaval espa\u00e7o para trabalhar, construir hist\u00f3rias e ocupar novos lugares.<\/p>\n<p>Mais do que um reconhecimento individual, o Pr\u00eamio Mulher Negra 2026 tamb\u00e9m evidencia a import\u00e2ncia da presen\u00e7a feminina e negra na imprensa carnavalesca e nos diferentes espa\u00e7os do samba.<\/p>\n<p>Para Monique, a homenagem representa um incentivo para continuar trabalhando, ocupando espa\u00e7os e contribuindo para que as hist\u00f3rias do Carnaval tenham cada vez mais visibilidade.<\/p>\n","protected":false},"excerpt":{"rendered":"<p>Monique Freitas, Profissional da Imprensa Carnavalesca e passista do GRES Em Cima da Hora e Feiti\u00e7o Carioca, recebe Pr\u00eamio Mulher Negra 2026 Monique Freitas \u00e9 homenageada com o Pr\u00eamio Mulher Negra 2026 A noite desta segunda-feira (31) foi de reconhecimento para A profissional que atua na imprensa carnavalesca. Ela que tamb\u00e9m integra o segmento de [&hellip;]<\/p>\n","protected":false},"author":1,"featured_media":5037,"comment_status":"closed","ping_status":"closed","sticky":false,"template":"","format":"standard","meta":{"footnotes":""},"categories":[11],"tags":[151,153,154],"class_list":["post-5036","post","type-post","status-publish","format-standard","has-post-thumbnail","hentry","category-noticias","tag-carnaval","tag-mundo-do-carnaval","tag-rio-de-janeiro"],"_links":{"self":[{"href":"https:\/\/mundodocarnaval.com.br\/pt_br\/wp-json\/wp\/v2\/posts\/5036","targetHints":{"allow":["GET"]}}],"collection":[{"href":"https:\/\/mundodocarnaval.com.br\/pt_br\/wp-json\/wp\/v2\/posts"}],"about":[{"href":"https:\/\/mundodocarnaval.com.br\/pt_br\/wp-json\/wp\/v2\/types\/post"}],"author":[{"embeddable":true,"href":"https:\/\/mundodocarnaval.com.br\/pt_br\/wp-json\/wp\/v2\/users\/1"}],"replies":[{"embeddable":true,"href":"https:\/\/mundodocarnaval.com.br\/pt_br\/wp-json\/wp\/v2\/comments?post=5036"}],"version-history":[{"count":1,"href":"https:\/\/mundodocarnaval.com.br\/pt_br\/wp-json\/wp\/v2\/posts\/5036\/revisions"}],"predecessor-version":[{"id":5038,"href":"https:\/\/mundodocarnaval.com.br\/pt_br\/wp-json\/wp\/v2\/posts\/5036\/revisions\/5038"}],"wp:featuredmedia":[{"embeddable":true,"href":"https:\/\/mundodocarnaval.com.br\/pt_br\/wp-json\/wp\/v2\/media\/5037"}],"wp:attachment":[{"href":"https:\/\/mundodocarnaval.com.br\/pt_br\/wp-json\/wp\/v2\/media?parent=5036"}],"wp:term":[{"taxonomy":"category","embeddable":true,"href":"https:\/\/mundodocarnaval.com.br\/pt_br\/wp-json\/wp\/v2\/categories?post=5036"},{"taxonomy":"post_tag","embeddable":true,"href":"https:\/\/mundodocarnaval.com.br\/pt_br\/wp-json\/wp\/v2\/tags?post=5036"}],"curies":[{"name":"wp","href":"https:\/\/api.w.org\/{rel}","templated":true}]}}