{"id":5039,"date":"2026-09-04T16:13:30","date_gmt":"2026-09-04T19:13:30","guid":{"rendered":"https:\/\/mundodocarnaval.com.br\/?p=5039"},"modified":"2026-09-04T16:13:31","modified_gmt":"2026-09-04T19:13:31","slug":"comite-do-miss-universo-visita-barracao-da-unidos-de-vila-isabel","status":"publish","type":"post","link":"https:\/\/mundodocarnaval.com.br\/pt_br\/comite-do-miss-universo-visita-barracao-da-unidos-de-vila-isabel\/","title":{"rendered":"Comit\u00ea do Miss Universo visita barrac\u00e3o da Unidos de Vila Isabel"},"content":{"rendered":"<p>Comit\u00ea do Miss Universo visita barrac\u00e3o da Unidos de Vila Isabel nesta ter\u00e7a-feira<\/p>\n<p>Miss Universe Brasil, Marcela Kozinski, e a CEO do concurso, Olivia Quido, conheceram de perto o projeto da escola para o Carnaval 2027<\/p>\n<p>A Unidos de Vila Isabel recebeu, nesta ter\u00e7a-feira (1) A Miss Universe Brasil, Marcela Kozinski, e a CEO do Miss Universe Brasil, Olivia Quido, estiveram na escola para conhecer de perto o trabalho desenvolvido pela agremia\u00e7\u00e3o para o Carnaval 2027.<\/p>\n<p>Durante a visita guiada, o grupo conheceu as diferentes etapas de prepara\u00e7\u00e3o do desfile e os detalhes do projeto que a Vila Isabel levar\u00e1 \u00e0 Marqu\u00eas de Sapuca\u00ed no pr\u00f3ximo Carnaval, com o enredo \u201cTorto Arado: Sobre a terra h\u00e1 de viver sempre o mais forte\u201d, inspirado na obra de Itamar Vieira Junior. Enredo desenvolvido pelos carnavalescos Gabriel Haddad e Leonardo Bora, em parceria com o pesquisador Vinicius Natal.<\/p>\n<p>Para Olivia Quido, a experi\u00eancia proporcionou um contato especial com a cultura do samba e com o trabalho realizado nos bastidores do Carnaval carioca.<\/p>\n<p>\u201cEstou muito inspirada pelo trabalho artesanal e tamb\u00e9m pela dedica\u00e7\u00e3o e pelo trabalho duro deles em organizar um grande evento todos os anos. Estou muito animada porque esta \u00e9 a minha primeira vez vendo um evento de samba. Estou muito feliz e realmente muito aben\u00e7oada por ter vivido essa experi\u00eancia e visitado a Unidos de Vila Isabel.\u201d, afirmou Olivia.<\/p>\n<p>Marcela Kozinski tamb\u00e9m se mostrou encantada com o que encontrou no barrac\u00e3o e adiantou que o p\u00fablico pode esperar grandes surpresas da escola para 2027.<\/p>\n<p>\u201cVisitei a Unidos de Vila Isabel e est\u00e1 maravilhoso. J\u00e1 vi alguns spoilers do show do ano que vem e voc\u00eas podem esperar tudo, porque est\u00e1 maravilhoso\u201d, contou a Miss Universe Brasil.<\/p>\n","protected":false},"excerpt":{"rendered":"<p>Comit\u00ea do Miss Universo visita barrac\u00e3o da Unidos de Vila Isabel nesta ter\u00e7a-feira Miss Universe Brasil, Marcela Kozinski, e a CEO do concurso, Olivia Quido, conheceram de perto o projeto da escola para o Carnaval 2027 A Unidos de Vila Isabel recebeu, nesta ter\u00e7a-feira (1) A Miss Universe Brasil, Marcela Kozinski, e a CEO do [&hellip;]<\/p>\n","protected":false},"author":1,"featured_media":5040,"comment_status":"closed","ping_status":"closed","sticky":false,"template":"","format":"standard","meta":{"footnotes":""},"categories":[11],"tags":[151,153,154,159,152],"class_list":["post-5039","post","type-post","status-publish","format-standard","has-post-thumbnail","hentry","category-noticias","tag-carnaval","tag-mundo-do-carnaval","tag-rio-de-janeiro","tag-samba","tag-sapucai"],"_links":{"self":[{"href":"https:\/\/mundodocarnaval.com.br\/pt_br\/wp-json\/wp\/v2\/posts\/5039","targetHints":{"allow":["GET"]}}],"collection":[{"href":"https:\/\/mundodocarnaval.com.br\/pt_br\/wp-json\/wp\/v2\/posts"}],"about":[{"href":"https:\/\/mundodocarnaval.com.br\/pt_br\/wp-json\/wp\/v2\/types\/post"}],"author":[{"embeddable":true,"href":"https:\/\/mundodocarnaval.com.br\/pt_br\/wp-json\/wp\/v2\/users\/1"}],"replies":[{"embeddable":true,"href":"https:\/\/mundodocarnaval.com.br\/pt_br\/wp-json\/wp\/v2\/comments?post=5039"}],"version-history":[{"count":1,"href":"https:\/\/mundodocarnaval.com.br\/pt_br\/wp-json\/wp\/v2\/posts\/5039\/revisions"}],"predecessor-version":[{"id":5041,"href":"https:\/\/mundodocarnaval.com.br\/pt_br\/wp-json\/wp\/v2\/posts\/5039\/revisions\/5041"}],"wp:featuredmedia":[{"embeddable":true,"href":"https:\/\/mundodocarnaval.com.br\/pt_br\/wp-json\/wp\/v2\/media\/5040"}],"wp:attachment":[{"href":"https:\/\/mundodocarnaval.com.br\/pt_br\/wp-json\/wp\/v2\/media?parent=5039"}],"wp:term":[{"taxonomy":"category","embeddable":true,"href":"https:\/\/mundodocarnaval.com.br\/pt_br\/wp-json\/wp\/v2\/categories?post=5039"},{"taxonomy":"post_tag","embeddable":true,"href":"https:\/\/mundodocarnaval.com.br\/pt_br\/wp-json\/wp\/v2\/tags?post=5039"}],"curies":[{"name":"wp","href":"https:\/\/api.w.org\/{rel}","templated":true}]}}