{"id":5042,"date":"2026-09-04T16:23:50","date_gmt":"2026-09-04T19:23:50","guid":{"rendered":"https:\/\/mundodocarnaval.com.br\/?p=5042"},"modified":"2026-09-04T16:23:50","modified_gmt":"2026-09-04T19:23:50","slug":"unidos-do-jacarezinho-confirma-valdir-by-toko-e-dona-madalena","status":"publish","type":"post","link":"https:\/\/mundodocarnaval.com.br\/pt_br\/unidos-do-jacarezinho-confirma-valdir-by-toko-e-dona-madalena\/","title":{"rendered":"UNIDOS DO JACAREZINHO CONFIRMA VALDIR BY TOKO E DONA MADALENA"},"content":{"rendered":"<p>Unidos do Jacarezinho confirma Valdir By Toko e Dona Madalena no comando da escola<\/p>\n<p>A Unidos do Jacarezinho j\u00e1 tem oficialmente definida a dupla que estar\u00e1 \u00e0 frente dos pr\u00f3ximos anos de sua hist\u00f3ria. Em Assembleia Geral realizada na \u00faltima segunda-feira (31), Valdir By Toko foi eleito presidente da agremia\u00e7\u00e3o, ao lado de Dona Madalena, sua vice-presidente.<\/p>\n<p>A elei\u00e7\u00e3o contou com chapa \u00fanica e n\u00e3o houve inscri\u00e7\u00e3o de nenhuma outra candidatura concorrente, confirmando Valdir e Dona Madalena oficialmente no comando da Rosa e Branco do Jacarezinho.<\/p>\n<p>A nova gest\u00e3o assume a agremia\u00e7\u00e3o com a miss\u00e3o de fortalecer ainda mais a escola, estreitar os la\u00e7os com a comunidade e conduzir os pr\u00f3ximos passos da agremia\u00e7\u00e3o dentro e fora da Avenida. Em um momento de renova\u00e7\u00e3o e novos desafios, a dupla chega ao comando com o compromisso de preservar a hist\u00f3ria do Jacarezinho e, ao mesmo tempo, trabalhar pela constru\u00e7\u00e3o de novas conquistas.<\/p>\n<p>E o novo ciclo j\u00e1 tem destino certo: o Carnaval 2027, com a Unidos do Jacarezinho levando para a Avenida um enredo inspirado em Oxumar\u00ea, tendo como fio condutor conceitos como transforma\u00e7\u00e3o, renova\u00e7\u00e3o e renascimento. A proposta dialoga diretamente com o momento vivido pela agremia\u00e7\u00e3o, que se prepara para escrever mais um cap\u00edtulo de sua trajet\u00f3ria, apostando na for\u00e7a de sua comunidade e na capacidade de se reinventar.<\/p>\n<p>\u201cCom samba no p\u00e9, trabalho e olhar para o futuro, iniciamos oficialmente um novo cap\u00edtulo \u00e0 frente da Unidos do Jacarezinho, com as aten\u00e7\u00f5es voltadas para a constru\u00e7\u00e3o do Carnaval 2027\u201d, apontam Valdir e Dona Madalena. <\/p>\n","protected":false},"excerpt":{"rendered":"<p>Unidos do Jacarezinho confirma Valdir By Toko e Dona Madalena no comando da escola A Unidos do Jacarezinho j\u00e1 tem oficialmente definida a dupla que estar\u00e1 \u00e0 frente dos pr\u00f3ximos anos de sua hist\u00f3ria. Em Assembleia Geral realizada na \u00faltima segunda-feira (31), Valdir By Toko foi eleito presidente da agremia\u00e7\u00e3o, ao lado de Dona Madalena, [&hellip;]<\/p>\n","protected":false},"author":1,"featured_media":5043,"comment_status":"closed","ping_status":"closed","sticky":false,"template":"","format":"standard","meta":{"footnotes":""},"categories":[13],"tags":[151,153,154,159,162],"class_list":["post-5042","post","type-post","status-publish","format-standard","has-post-thumbnail","hentry","category-fashion","tag-carnaval","tag-mundo-do-carnaval","tag-rio-de-janeiro","tag-samba","tag-serie-ouro"],"_links":{"self":[{"href":"https:\/\/mundodocarnaval.com.br\/pt_br\/wp-json\/wp\/v2\/posts\/5042","targetHints":{"allow":["GET"]}}],"collection":[{"href":"https:\/\/mundodocarnaval.com.br\/pt_br\/wp-json\/wp\/v2\/posts"}],"about":[{"href":"https:\/\/mundodocarnaval.com.br\/pt_br\/wp-json\/wp\/v2\/types\/post"}],"author":[{"embeddable":true,"href":"https:\/\/mundodocarnaval.com.br\/pt_br\/wp-json\/wp\/v2\/users\/1"}],"replies":[{"embeddable":true,"href":"https:\/\/mundodocarnaval.com.br\/pt_br\/wp-json\/wp\/v2\/comments?post=5042"}],"version-history":[{"count":1,"href":"https:\/\/mundodocarnaval.com.br\/pt_br\/wp-json\/wp\/v2\/posts\/5042\/revisions"}],"predecessor-version":[{"id":5044,"href":"https:\/\/mundodocarnaval.com.br\/pt_br\/wp-json\/wp\/v2\/posts\/5042\/revisions\/5044"}],"wp:featuredmedia":[{"embeddable":true,"href":"https:\/\/mundodocarnaval.com.br\/pt_br\/wp-json\/wp\/v2\/media\/5043"}],"wp:attachment":[{"href":"https:\/\/mundodocarnaval.com.br\/pt_br\/wp-json\/wp\/v2\/media?parent=5042"}],"wp:term":[{"taxonomy":"category","embeddable":true,"href":"https:\/\/mundodocarnaval.com.br\/pt_br\/wp-json\/wp\/v2\/categories?post=5042"},{"taxonomy":"post_tag","embeddable":true,"href":"https:\/\/mundodocarnaval.com.br\/pt_br\/wp-json\/wp\/v2\/tags?post=5042"}],"curies":[{"name":"wp","href":"https:\/\/api.w.org\/{rel}","templated":true}]}}