{"id":5045,"date":"2026-09-04T16:32:40","date_gmt":"2026-09-04T19:32:40","guid":{"rendered":"https:\/\/mundodocarnaval.com.br\/?p=5045"},"modified":"2026-09-04T16:32:40","modified_gmt":"2026-09-04T19:32:40","slug":"academicos-da-ponta-da-areia-apresenta-enredo","status":"publish","type":"post","link":"https:\/\/mundodocarnaval.com.br\/pt_br\/academicos-da-ponta-da-areia-apresenta-enredo\/","title":{"rendered":"Acad\u00eamicos da Ponta da Areia apresenta enredo"},"content":{"rendered":"<p>Acad\u00eamicos da Ponta da Areia apresenta enredo para o Carnaval 2027<\/p>\n<p>\u201cA liberdade n\u00e3o \u00e9 uma conquista encerrada. Ela continua sendo forjada.\u201d<\/p>\n<p>A Acad\u00eamicos da Ponta da Areia apresenta oficialmente o enredo que levar\u00e1 \u00e0 avenida no Carnaval 2027. Assinado pelo carnavalesco Jaime Cez\u00e1rio, o tema mergulha na ancestralidade africana, na for\u00e7a de Ogum e na trajet\u00f3ria de resist\u00eancia do povo negro no Brasil, estabelecendo uma poderosa conex\u00e3o entre os quilombos, as comunidades negras e a cultura popular contempor\u00e2nea.<\/p>\n<p>A narrativa parte do fogo e do ferro, elementos associados a Ogum, Senhor dos Metais e dos Caminhos, para construir uma met\u00e1fora sobre transforma\u00e7\u00e3o e resist\u00eancia. O mesmo fogo que molda o ferro tamb\u00e9m simboliza a for\u00e7a daqueles que, diante da viol\u00eancia e da opress\u00e3o, encontraram caminhos para reconstruir suas hist\u00f3rias e preservar sua identidade.<\/p>\n<p>No centro dessa trajet\u00f3ria est\u00e1 Palmares, representado como uma grande forja de liberdade, onde figuras como Zumbi e Dandara se tornaram s\u00edmbolos de coragem, autonomia e resist\u00eancia. A partir de Palmares, o enredo amplia seu olhar para os diversos quilombos que se espalharam pelo territ\u00f3rio brasileiro, comunidades que mantiveram acesa a chama da ancestralidade e da luta por dignidade.<\/p>\n<p>A hist\u00f3ria, por\u00e9m, n\u00e3o termina com a aboli\u00e7\u00e3o. O enredo estabelece uma ponte entre os antigos territ\u00f3rios quilombolas e as favelas e comunidades urbanas, apresentadas como herdeiras de uma trajet\u00f3ria de resist\u00eancia, pertencimento, criatividade e organiza\u00e7\u00e3o coletiva.<\/p>\n<p>\u00c9 nessa transforma\u00e7\u00e3o que a antiga forja do ferro d\u00e1 lugar \u00e0 forja da cultura. Terreiros, manifesta\u00e7\u00f5es populares, arte urbana, samba, rap, funk e outras express\u00f5es contempor\u00e2neas passam a representar novas ferramentas de afirma\u00e7\u00e3o e resist\u00eancia. A espada de outrora transforma-se em palavra, m\u00fasica, arte e consci\u00eancia.<\/p>\n<p>Para a Acad\u00eamicos da Ponta da Areia, levar esse enredo para a avenida \u00e9 tamb\u00e9m celebrar uma hist\u00f3ria que permanece viva e em constante transforma\u00e7\u00e3o.<\/p>\n<p>Das palmeiras de Palmares \u00e0s comunidades contempor\u00e2neas, o fogo ancestral continua aceso.<\/p>\n<p>Com o Carnaval 2027, a escola prop\u00f5e uma reflex\u00e3o sobre mem\u00f3ria, ancestralidade, identidade e liberdade, reafirmando que a resist\u00eancia n\u00e3o pertence apenas ao passado: ela continua sendo constru\u00edda todos os dias.<\/p>\n<p>\u201cSomos herdeiros de Zumbi, Dandara e da prote\u00e7\u00e3o de Ogum. Somos a Acad\u00eamicos da Ponta da Areia levando para a avenida um hino \u00e0 resist\u00eancia, \u00e0 identidade e \u00e0 liberdade. Porque a liberdade n\u00e3o \u00e9 uma conquista encerrada. Ela continua sendo forjada.\u201d<\/p>\n<p>Enredo: A FORJADE OGUM: O Fogo da Liberdade Brilha na Ponta da Areia<br \/>\nCarnavalesco: Jaime Cez\u00e1rio<br \/>\nEscola: Acad\u00eamicos da Ponta da Areia<br \/>\nCarnaval: 2027<\/p>\n","protected":false},"excerpt":{"rendered":"<p>Acad\u00eamicos da Ponta da Areia apresenta enredo para o Carnaval 2027 \u201cA liberdade n\u00e3o \u00e9 uma conquista encerrada. Ela continua sendo forjada.\u201d A Acad\u00eamicos da Ponta da Areia apresenta oficialmente o enredo que levar\u00e1 \u00e0 avenida no Carnaval 2027. Assinado pelo carnavalesco Jaime Cez\u00e1rio, o tema mergulha na ancestralidade africana, na for\u00e7a de Ogum e [&hellip;]<\/p>\n","protected":false},"author":1,"featured_media":5046,"comment_status":"closed","ping_status":"closed","sticky":false,"template":"","format":"standard","meta":{"footnotes":""},"categories":[17],"tags":[],"class_list":["post-5045","post","type-post","status-publish","format-standard","has-post-thumbnail","hentry","category-carnaval-de-niteroi"],"_links":{"self":[{"href":"https:\/\/mundodocarnaval.com.br\/pt_br\/wp-json\/wp\/v2\/posts\/5045","targetHints":{"allow":["GET"]}}],"collection":[{"href":"https:\/\/mundodocarnaval.com.br\/pt_br\/wp-json\/wp\/v2\/posts"}],"about":[{"href":"https:\/\/mundodocarnaval.com.br\/pt_br\/wp-json\/wp\/v2\/types\/post"}],"author":[{"embeddable":true,"href":"https:\/\/mundodocarnaval.com.br\/pt_br\/wp-json\/wp\/v2\/users\/1"}],"replies":[{"embeddable":true,"href":"https:\/\/mundodocarnaval.com.br\/pt_br\/wp-json\/wp\/v2\/comments?post=5045"}],"version-history":[{"count":1,"href":"https:\/\/mundodocarnaval.com.br\/pt_br\/wp-json\/wp\/v2\/posts\/5045\/revisions"}],"predecessor-version":[{"id":5047,"href":"https:\/\/mundodocarnaval.com.br\/pt_br\/wp-json\/wp\/v2\/posts\/5045\/revisions\/5047"}],"wp:featuredmedia":[{"embeddable":true,"href":"https:\/\/mundodocarnaval.com.br\/pt_br\/wp-json\/wp\/v2\/media\/5046"}],"wp:attachment":[{"href":"https:\/\/mundodocarnaval.com.br\/pt_br\/wp-json\/wp\/v2\/media?parent=5045"}],"wp:term":[{"taxonomy":"category","embeddable":true,"href":"https:\/\/mundodocarnaval.com.br\/pt_br\/wp-json\/wp\/v2\/categories?post=5045"},{"taxonomy":"post_tag","embeddable":true,"href":"https:\/\/mundodocarnaval.com.br\/pt_br\/wp-json\/wp\/v2\/tags?post=5045"}],"curies":[{"name":"wp","href":"https:\/\/api.w.org\/{rel}","templated":true}]}}