{"id":5050,"date":"2026-09-04T16:48:02","date_gmt":"2026-09-04T19:48:02","guid":{"rendered":"https:\/\/mundodocarnaval.com.br\/?p=5050"},"modified":"2026-09-04T16:48:02","modified_gmt":"2026-09-04T19:48:02","slug":"marica-faz-a-festa","status":"publish","type":"post","link":"https:\/\/mundodocarnaval.com.br\/pt_br\/marica-faz-a-festa\/","title":{"rendered":"\u2018Maric\u00e1 faz a Festa\u2019"},"content":{"rendered":"<p>\u2018Maric\u00e1 faz a Festa\u2019 inicia vendas para a terceira edi\u00e7\u00e3o na Cidade do Samba<br \/>\nO evento ser\u00e1 realizado no dia 10 de outubro e reunir\u00e1 shows de Renan Oliveira, Fabinho, Pagode da Viela, DJ Bacalhau e a campe\u00e3 de 2026, Unidos do Viradouro<\/p>\n<p>A Uni\u00e3o de Maric\u00e1 realiza, no dia 10 de outubro, a terceira edi\u00e7\u00e3o do \u201cMaric\u00e1 faz a Festa\u201d. O evento come\u00e7a \u00e0s 16h30 e, neste ano, ser\u00e1 realizado na \u00e1rea principal da Cidade do Samba, no Rio de Janeiro. Os ingressos j\u00e1 est\u00e3o \u00e0 venda pela plataforma Guich\u00ea Web.<\/p>\n<p>A programa\u00e7\u00e3o re\u00fane atra\u00e7\u00f5es de diferentes vertentes do samba e do pagode. O p\u00fablico poder\u00e1 acompanhar os shows de Renan Oliveira, Fabinho e Pagode da Viela, al\u00e9m da participa\u00e7\u00e3o do DJ Bacalhau, que comandar\u00e1 a m\u00fasica nos intervalos das apresenta\u00e7\u00f5es.<\/p>\n<p>A edi\u00e7\u00e3o deste ano ter\u00e1 ainda uma atra\u00e7\u00e3o especial: a Unidos do Viradouro, campe\u00e3 do Carnaval 2026, que far\u00e1 um show durante a festa. A Uni\u00e3o de Maric\u00e1 tamb\u00e9m participa da programa\u00e7\u00e3o, em um dia dedicado ao samba.<\/p>\n<p>Al\u00e9m das atra\u00e7\u00f5es musicais, o evento contar\u00e1 com uma a\u00e7\u00e3o especial envolvendo bares tradicionais do Rio de Janeiro, ampliando a experi\u00eancia oferecida ao p\u00fablico e reunindo gastronomia, cultura e samba em um dos principais espa\u00e7os do Carnaval carioca.<\/p>\n<p>A terceira edi\u00e7\u00e3o do \u201cMaric\u00e1 faz a Festa\u201d acontece em um momento importante na trajet\u00f3ria da Uni\u00e3o de Maric\u00e1. Depois de conquistar o t\u00edtulo da S\u00e9rie Ouro em 2026 e garantir o acesso ao Grupo Especial, a escola se prepara para fazer sua estreia na elite do Carnaval carioca em 2027.<\/p>\n<p>Servi\u00e7o<br \/>\nMaric\u00e1 faz a Festa \u2013 3\u00aa edi\u00e7\u00e3o<br \/>\nData: 10 de outubro de 2026<br \/>\nHor\u00e1rio: a partir das 16h30<br \/>\nLocal: Cidade do Samba, Rio de Janeiro<br \/>\nAtra\u00e7\u00f5es: Uni\u00e3o de Maric\u00e1, Unidos do Viradouro, Renan Oliveira, Fabinho, Pagode da Viela e DJ Bacalhau<br \/>\nIngressos: \u00e0 venda pela Guich\u00ea Web no link https:\/\/www.guicheweb.com.br\/marica-faz-a-festa-renan-oliveira&#8211;fabinho_55081? <\/p>\n<p>Fotos: Ney Junior\/Uni\u00e3o de Maric\u00e1<\/p>\n","protected":false},"excerpt":{"rendered":"<p>\u2018Maric\u00e1 faz a Festa\u2019 inicia vendas para a terceira edi\u00e7\u00e3o na Cidade do Samba O evento ser\u00e1 realizado no dia 10 de outubro e reunir\u00e1 shows de Renan Oliveira, Fabinho, Pagode da Viela, DJ Bacalhau e a campe\u00e3 de 2026, Unidos do Viradouro A Uni\u00e3o de Maric\u00e1 realiza, no dia 10 de outubro, a terceira [&hellip;]<\/p>\n","protected":false},"author":1,"featured_media":5051,"comment_status":"closed","ping_status":"closed","sticky":false,"template":"","format":"standard","meta":{"footnotes":""},"categories":[12],"tags":[151,153,154,159,152],"class_list":["post-5050","post","type-post","status-publish","format-standard","has-post-thumbnail","hentry","category-grupo-especial","tag-carnaval","tag-mundo-do-carnaval","tag-rio-de-janeiro","tag-samba","tag-sapucai"],"_links":{"self":[{"href":"https:\/\/mundodocarnaval.com.br\/pt_br\/wp-json\/wp\/v2\/posts\/5050","targetHints":{"allow":["GET"]}}],"collection":[{"href":"https:\/\/mundodocarnaval.com.br\/pt_br\/wp-json\/wp\/v2\/posts"}],"about":[{"href":"https:\/\/mundodocarnaval.com.br\/pt_br\/wp-json\/wp\/v2\/types\/post"}],"author":[{"embeddable":true,"href":"https:\/\/mundodocarnaval.com.br\/pt_br\/wp-json\/wp\/v2\/users\/1"}],"replies":[{"embeddable":true,"href":"https:\/\/mundodocarnaval.com.br\/pt_br\/wp-json\/wp\/v2\/comments?post=5050"}],"version-history":[{"count":1,"href":"https:\/\/mundodocarnaval.com.br\/pt_br\/wp-json\/wp\/v2\/posts\/5050\/revisions"}],"predecessor-version":[{"id":5052,"href":"https:\/\/mundodocarnaval.com.br\/pt_br\/wp-json\/wp\/v2\/posts\/5050\/revisions\/5052"}],"wp:featuredmedia":[{"embeddable":true,"href":"https:\/\/mundodocarnaval.com.br\/pt_br\/wp-json\/wp\/v2\/media\/5051"}],"wp:attachment":[{"href":"https:\/\/mundodocarnaval.com.br\/pt_br\/wp-json\/wp\/v2\/media?parent=5050"}],"wp:term":[{"taxonomy":"category","embeddable":true,"href":"https:\/\/mundodocarnaval.com.br\/pt_br\/wp-json\/wp\/v2\/categories?post=5050"},{"taxonomy":"post_tag","embeddable":true,"href":"https:\/\/mundodocarnaval.com.br\/pt_br\/wp-json\/wp\/v2\/tags?post=5050"}],"curies":[{"name":"wp","href":"https:\/\/api.w.org\/{rel}","templated":true}]}}