{"id":5056,"date":"2026-09-04T17:06:29","date_gmt":"2026-09-04T20:06:29","guid":{"rendered":"https:\/\/mundodocarnaval.com.br\/?p=5056"},"modified":"2026-09-04T17:06:29","modified_gmt":"2026-09-04T20:06:29","slug":"dudu-nobre-comanda-roda-de-samba","status":"publish","type":"post","link":"https:\/\/mundodocarnaval.com.br\/pt_br\/dudu-nobre-comanda-roda-de-samba\/","title":{"rendered":"Dudu Nobre comanda roda de samba"},"content":{"rendered":"<p>Cr\u00e9dito da foto: &#8220;divulga\u00e7\u00e3o&#8221;<\/p>\n<p>Dudu leva roda de samba para o Cacique de ramos com convidados especiais <\/p>\n<p>Evento re\u00fane Mumuzinho, Sandra de S\u00e1, Noelson do Cavaco e Alex Ribeiro no dia 7 de setembro, no Rio de Janeiro <\/p>\n<p>O cantor, compositor e cavaquinista Dudu Nobre se apresenta no Cacique de Ramos, no Rio de Janeiro, no dia 7 de setembro de 2026, em uma grande roda de samba. O evento come\u00e7a \u00e0s 14h e promete uma tarde dedicada \u00e0 tradi\u00e7\u00e3o, \u00e0 energia e \u00e0 celebra\u00e7\u00e3o do samba.<\/p>\n<p>Para tornar o encontro ainda mais especial, Dudu Nobre recebe participa\u00e7\u00f5es de Mumuzinho, Sandra de S\u00e1, Noelson do Cavaco e Alex Ribeiro. Os convidados se juntam ao artista em um repert\u00f3rio que valoriza grandes sucessos do samba e da m\u00fasica popular brasileira, al\u00e9m de criar momentos \u00fanicos de encontro entre diferentes gera\u00e7\u00f5es e estilos.<\/p>\n<p>\u201cCantar no Cacique de Ramos \u00e9 uma alegria e uma responsabilidade enorme. Esse lugar tem uma hist\u00f3ria muito forte para o samba e para a nossa cultura. Quero viver essa tarde com o p\u00fablico, meus amigos e convidados especiais, celebrando a m\u00fasica, a amizade e a for\u00e7a da roda de samba\u201d, afirma Dudu Nobre.<\/p>\n<p>Conhecido por sua trajet\u00f3ria de destaque no samba, Dudu Nobre leva ao palco sua experi\u00eancia como int\u00e9rprete, compositor e m\u00fasico, em uma apresenta\u00e7\u00e3o pensada para aproximar o p\u00fablico da ess\u00eancia do g\u00eanero. A presen\u00e7a dos convidados amplia a celebra\u00e7\u00e3o e refor\u00e7a o car\u00e1ter coletivo do evento.<\/p>\n<p>Clientes cadastrados na Bilheteria Digital t\u00eam direito \u00e0 meia-entrada. A apresenta\u00e7\u00e3o ser\u00e1 realizada no Cacique de Ramos, localizado na Rua Uranos, 1326, Rio de Janeiro.<\/p>\n<p>Servi\u00e7o<\/p>\n<p>Evento: Dudu Nobre no Cacique de Ramos \u2014 Roda de samba<br \/>\nData: 7 de setembro de 2026<br \/>\nHor\u00e1rio: 14h<br \/>\nAbertura dos port\u00f5es: 14h<br \/>\nLocal: Cacique de Ramos<br \/>\nEndere\u00e7o: Rua Uranos, 1326 \u2014 Rio de Janeiro (RJ)<br \/>\nParticipa\u00e7\u00f5es especiais: Mumuzinho, Sandra de S\u00e1, Noelson do Cavaco e Alex Ribeiro<br \/>\nIngressos: meia-entrada para todos os clientes cadastrados na Bilheteria Digital<\/p>\n","protected":false},"excerpt":{"rendered":"<p>Cr\u00e9dito da foto: &#8220;divulga\u00e7\u00e3o&#8221; Dudu leva roda de samba para o Cacique de ramos com convidados especiais Evento re\u00fane Mumuzinho, Sandra de S\u00e1, Noelson do Cavaco e Alex Ribeiro no dia 7 de setembro, no Rio de Janeiro O cantor, compositor e cavaquinista Dudu Nobre se apresenta no Cacique de Ramos, no Rio de Janeiro, [&hellip;]<\/p>\n","protected":false},"author":1,"featured_media":5057,"comment_status":"closed","ping_status":"closed","sticky":false,"template":"","format":"standard","meta":{"footnotes":""},"categories":[11],"tags":[151,153,154],"class_list":["post-5056","post","type-post","status-publish","format-standard","has-post-thumbnail","hentry","category-noticias","tag-carnaval","tag-mundo-do-carnaval","tag-rio-de-janeiro"],"_links":{"self":[{"href":"https:\/\/mundodocarnaval.com.br\/pt_br\/wp-json\/wp\/v2\/posts\/5056","targetHints":{"allow":["GET"]}}],"collection":[{"href":"https:\/\/mundodocarnaval.com.br\/pt_br\/wp-json\/wp\/v2\/posts"}],"about":[{"href":"https:\/\/mundodocarnaval.com.br\/pt_br\/wp-json\/wp\/v2\/types\/post"}],"author":[{"embeddable":true,"href":"https:\/\/mundodocarnaval.com.br\/pt_br\/wp-json\/wp\/v2\/users\/1"}],"replies":[{"embeddable":true,"href":"https:\/\/mundodocarnaval.com.br\/pt_br\/wp-json\/wp\/v2\/comments?post=5056"}],"version-history":[{"count":1,"href":"https:\/\/mundodocarnaval.com.br\/pt_br\/wp-json\/wp\/v2\/posts\/5056\/revisions"}],"predecessor-version":[{"id":5058,"href":"https:\/\/mundodocarnaval.com.br\/pt_br\/wp-json\/wp\/v2\/posts\/5056\/revisions\/5058"}],"wp:featuredmedia":[{"embeddable":true,"href":"https:\/\/mundodocarnaval.com.br\/pt_br\/wp-json\/wp\/v2\/media\/5057"}],"wp:attachment":[{"href":"https:\/\/mundodocarnaval.com.br\/pt_br\/wp-json\/wp\/v2\/media?parent=5056"}],"wp:term":[{"taxonomy":"category","embeddable":true,"href":"https:\/\/mundodocarnaval.com.br\/pt_br\/wp-json\/wp\/v2\/categories?post=5056"},{"taxonomy":"post_tag","embeddable":true,"href":"https:\/\/mundodocarnaval.com.br\/pt_br\/wp-json\/wp\/v2\/tags?post=5056"}],"curies":[{"name":"wp","href":"https:\/\/api.w.org\/{rel}","templated":true}]}}